{"id":94,"date":"2010-12-20T11:25:27","date_gmt":"2010-12-20T11:25:27","guid":{"rendered":"http:\/\/www.lichtknoten.com\/webblog\/?p=94"},"modified":"2010-12-22T12:57:03","modified_gmt":"2010-12-22T12:57:03","slug":"letztes-shooting-vor-weihnachten","status":"publish","type":"post","link":"http:\/\/www.lichtknoten.com\/webblog\/?p=94","title":{"rendered":"Letztes Shooting vor Weihnachten&#8230;"},"content":{"rendered":"<p>Am Sonntag fand f\u00fcr mich das letzte Shooting vor Weihnachten statt. Es ging zur Abwechslung wieder mal ins Studio (also keine -7\u00b0C wie beim letzten Shooting). F\u00fcr die Session standen mir Verena und Edith zur Verf\u00fcgung und an den Zauberpinseln wieder Ana (habe aufgeh\u00f6rt zu z\u00e4hlen, wie oft wir jetzt schon zusammengearbeitet haben). Es wurde eine ganze Reihe von verschiedenen Themen abgearbeitet&#8230;von Fashion, \u00fcber Portrait bis hin zu etwas heftigeren Sachen. Man soll nicht lange um den hei\u00dfen Brei herum reden, sondern auf den Punkt bzw. Bild kommen&#8230;also hier ein Beispiel. Wie ihr seht geht es wieder mehr in Richtung &#8222;experimentell&#8220; &#8211; im J\u00e4nner wird es dazu \u00fcbrigens ein ziemlich &#8222;heftiges&#8220; Shooting geben. Also freut Euch schon mal aufs neue Jahr \ud83d\ude42<\/p>\n<p><a href=\"http:\/\/www.lichtknoten.com\/webblog\/wp-content\/uploads\/2010\/12\/LIK_0693_1.jpg\"><img loading=\"lazy\" decoding=\"async\" class=\"aligncenter size-full wp-image-97\" title=\"LIK_0693_1\" src=\"http:\/\/www.lichtknoten.com\/webblog\/wp-content\/uploads\/2010\/12\/LIK_0693_1.jpg\" alt=\"\" width=\"467\" height=\"700\" srcset=\"http:\/\/www.lichtknoten.com\/webblog\/wp-content\/uploads\/2010\/12\/LIK_0693_1.jpg 467w, http:\/\/www.lichtknoten.com\/webblog\/wp-content\/uploads\/2010\/12\/LIK_0693_1-200x300.jpg 200w\" sizes=\"auto, (max-width: 467px) 100vw, 467px\" \/><\/a><\/p>\n","protected":false},"excerpt":{"rendered":"<p>Am Sonntag fand f\u00fcr mich das letzte Shooting vor Weihnachten statt. Es ging zur Abwechslung wieder mal ins Studio (also keine -7\u00b0C wie beim letzten Shooting). F\u00fcr die Session standen mir Verena und Edith zur Verf\u00fcgung und an den Zauberpinseln wieder Ana (habe aufgeh\u00f6rt zu z\u00e4hlen, wie oft wir jetzt schon zusammengearbeitet haben). Es wurde [&hellip;]<\/p>\n","protected":false},"author":1,"featured_media":0,"comment_status":"open","ping_status":"open","sticky":false,"template":"","format":"standard","meta":{"_jetpack_memberships_contains_paid_content":false,"footnotes":"","jetpack_publicize_message":"","jetpack_publicize_feature_enabled":true,"jetpack_social_post_already_shared":false,"jetpack_social_options":{"image_generator_settings":{"template":"highway","default_image_id":0,"font":"","enabled":false},"version":2}},"categories":[5],"tags":[],"class_list":["post-94","post","type-post","status-publish","format-standard","hentry","category-shooting"],"jetpack_publicize_connections":[],"jetpack_featured_media_url":"","jetpack_sharing_enabled":true,"_links":{"self":[{"href":"http:\/\/www.lichtknoten.com\/webblog\/index.php?rest_route=\/wp\/v2\/posts\/94","targetHints":{"allow":["GET"]}}],"collection":[{"href":"http:\/\/www.lichtknoten.com\/webblog\/index.php?rest_route=\/wp\/v2\/posts"}],"about":[{"href":"http:\/\/www.lichtknoten.com\/webblog\/index.php?rest_route=\/wp\/v2\/types\/post"}],"author":[{"embeddable":true,"href":"http:\/\/www.lichtknoten.com\/webblog\/index.php?rest_route=\/wp\/v2\/users\/1"}],"replies":[{"embeddable":true,"href":"http:\/\/www.lichtknoten.com\/webblog\/index.php?rest_route=%2Fwp%2Fv2%2Fcomments&post=94"}],"version-history":[{"count":8,"href":"http:\/\/www.lichtknoten.com\/webblog\/index.php?rest_route=\/wp\/v2\/posts\/94\/revisions"}],"predecessor-version":[{"id":125,"href":"http:\/\/www.lichtknoten.com\/webblog\/index.php?rest_route=\/wp\/v2\/posts\/94\/revisions\/125"}],"wp:attachment":[{"href":"http:\/\/www.lichtknoten.com\/webblog\/index.php?rest_route=%2Fwp%2Fv2%2Fmedia&parent=94"}],"wp:term":[{"taxonomy":"category","embeddable":true,"href":"http:\/\/www.lichtknoten.com\/webblog\/index.php?rest_route=%2Fwp%2Fv2%2Fcategories&post=94"},{"taxonomy":"post_tag","embeddable":true,"href":"http:\/\/www.lichtknoten.com\/webblog\/index.php?rest_route=%2Fwp%2Fv2%2Ftags&post=94"}],"curies":[{"name":"wp","href":"https:\/\/api.w.org\/{rel}","templated":true}]}}