{"id":5463,"date":"2026-08-30T10:31:33","date_gmt":"2026-08-30T08:31:33","guid":{"rendered":"http:\/\/www.lichtknoten.com\/webblog\/?p=5463"},"modified":"2026-08-30T10:31:33","modified_gmt":"2026-08-30T08:31:33","slug":"sommermaerchen-2026-von-la-rochelle-bis-nach-le-mont-saint-michel","status":"publish","type":"post","link":"http:\/\/www.lichtknoten.com\/webblog\/?p=5463","title":{"rendered":"Sommerm\u00e4rchen 2026 \u2013 Von\u00a0La Rochelle bis nach Le Mont-Saint-Michel"},"content":{"rendered":"\n<p class=\"wp-block-paragraph\">Auch in diesem Jahr ging es auf einen Sommer-Road-Trip. Es ist also wieder Zeit f\u00fcr einen Sommer-Multi-Hyper-Maxi-Mehrteiler hier\u00a0\ud83d\ude42<\/p>\n\n\n\n<p class=\"wp-block-paragraph\"><strong>Der Reiseverlauf:<\/strong>\u00a0Von S\u00fcdbaden aus sind wir Richtung Westen bis nach La Rochelle gefahren. Dann sind wir weiter nach La Turballe (2. Station). Unsere 3. Station war Roscoff und die 4. Station lag bei Le Mont-Saint-Michel. In Summe sind das ca. 2.500 Kilometer \u2013 mit den ganzen Tagestouren haben wir in den 3 Wochen um die 3.100 Kilometer gemacht. Auf der Hin- und R\u00fcckfahrt haben wir je einen Stop eingelegt.<\/p>\n\n\n\n<figure class=\"wp-block-image size-large\"><img loading=\"lazy\" decoding=\"async\" width=\"1024\" height=\"491\" src=\"http:\/\/www.lichtknoten.com\/webblog\/wp-content\/uploads\/2026\/08\/image-1024x491.png\" alt=\"\" class=\"wp-image-5464\" srcset=\"http:\/\/www.lichtknoten.com\/webblog\/wp-content\/uploads\/2026\/08\/image-1024x491.png 1024w, http:\/\/www.lichtknoten.com\/webblog\/wp-content\/uploads\/2026\/08\/image-300x144.png 300w, http:\/\/www.lichtknoten.com\/webblog\/wp-content\/uploads\/2026\/08\/image-768x368.png 768w, http:\/\/www.lichtknoten.com\/webblog\/wp-content\/uploads\/2026\/08\/image-1536x737.png 1536w, http:\/\/www.lichtknoten.com\/webblog\/wp-content\/uploads\/2026\/08\/image-2048x983.png 2048w, http:\/\/www.lichtknoten.com\/webblog\/wp-content\/uploads\/2026\/08\/image-624x299.png 624w\" sizes=\"auto, (max-width: 1024px) 100vw, 1024px\" \/><figcaption class=\"wp-element-caption\"> <\/figcaption><\/figure>\n\n\n\n<p class=\"wp-block-paragraph\">Bei der Fotoausr\u00fcstung gibt es wenig \u00dcberraschung: Leica M11-P, 21er, 35er und 50er. Und ja, es kamen tats\u00e4chlich alle Objektive zum Einsatz. Den Gro\u00dfteil der Bilder machte ich aber mit dem 35er.<\/p>\n\n\n\n<p class=\"wp-block-paragraph\">In den kommenden Wochen werde ich hier erste Bilder zeigen. Einen ersten Vorgeschmack gibt es mit diesem Bild.<\/p>\n\n\n\n<figure class=\"wp-block-image size-large\"><img loading=\"lazy\" decoding=\"async\" width=\"1024\" height=\"680\" src=\"http:\/\/www.lichtknoten.com\/webblog\/wp-content\/uploads\/2026\/08\/L1001156-1024x680.jpg\" alt=\"\" class=\"wp-image-5465\" srcset=\"http:\/\/www.lichtknoten.com\/webblog\/wp-content\/uploads\/2026\/08\/L1001156-1024x680.jpg 1024w, http:\/\/www.lichtknoten.com\/webblog\/wp-content\/uploads\/2026\/08\/L1001156-300x199.jpg 300w, http:\/\/www.lichtknoten.com\/webblog\/wp-content\/uploads\/2026\/08\/L1001156-768x510.jpg 768w, http:\/\/www.lichtknoten.com\/webblog\/wp-content\/uploads\/2026\/08\/L1001156-1536x1021.jpg 1536w, http:\/\/www.lichtknoten.com\/webblog\/wp-content\/uploads\/2026\/08\/L1001156-2048x1361.jpg 2048w, http:\/\/www.lichtknoten.com\/webblog\/wp-content\/uploads\/2026\/08\/L1001156-624x415.jpg 624w\" sizes=\"auto, (max-width: 1024px) 100vw, 1024px\" \/><figcaption class=\"wp-element-caption\"> <\/figcaption><\/figure>\n\n\n\n<p class=\"wp-block-paragraph\">Bis bald,<\/p>\n\n\n\n<p class=\"wp-block-paragraph\">Euer Alex<\/p>\n","protected":false},"excerpt":{"rendered":"<p>Auch in diesem Jahr ging es auf einen Sommer-Road-Trip. Es ist also wieder Zeit f\u00fcr einen Sommer-Multi-Hyper-Maxi-Mehrteiler hier\u00a0\ud83d\ude42 Der Reiseverlauf:\u00a0Von S\u00fcdbaden aus sind wir Richtung Westen bis nach La Rochelle gefahren. Dann sind wir weiter nach La Turballe (2. Station). Unsere 3. Station war Roscoff und die 4. Station lag bei Le Mont-Saint-Michel. In Summe [&hellip;]<\/p>\n","protected":false},"author":1,"featured_media":0,"comment_status":"open","ping_status":"open","sticky":false,"template":"","format":"standard","meta":{"footnotes":""},"categories":[245,257,33,247,15],"tags":[],"class_list":["post-5463","post","type-post","status-publish","format-standard","hentry","category-apo-summicron-35","category-frankreich","category-leica","category-m11-p","category-reisefotografie"],"_links":{"self":[{"href":"http:\/\/www.lichtknoten.com\/webblog\/index.php?rest_route=\/wp\/v2\/posts\/5463","targetHints":{"allow":["GET"]}}],"collection":[{"href":"http:\/\/www.lichtknoten.com\/webblog\/index.php?rest_route=\/wp\/v2\/posts"}],"about":[{"href":"http:\/\/www.lichtknoten.com\/webblog\/index.php?rest_route=\/wp\/v2\/types\/post"}],"author":[{"embeddable":true,"href":"http:\/\/www.lichtknoten.com\/webblog\/index.php?rest_route=\/wp\/v2\/users\/1"}],"replies":[{"embeddable":true,"href":"http:\/\/www.lichtknoten.com\/webblog\/index.php?rest_route=%2Fwp%2Fv2%2Fcomments&post=5463"}],"version-history":[{"count":1,"href":"http:\/\/www.lichtknoten.com\/webblog\/index.php?rest_route=\/wp\/v2\/posts\/5463\/revisions"}],"predecessor-version":[{"id":5466,"href":"http:\/\/www.lichtknoten.com\/webblog\/index.php?rest_route=\/wp\/v2\/posts\/5463\/revisions\/5466"}],"wp:attachment":[{"href":"http:\/\/www.lichtknoten.com\/webblog\/index.php?rest_route=%2Fwp%2Fv2%2Fmedia&parent=5463"}],"wp:term":[{"taxonomy":"category","embeddable":true,"href":"http:\/\/www.lichtknoten.com\/webblog\/index.php?rest_route=%2Fwp%2Fv2%2Fcategories&post=5463"},{"taxonomy":"post_tag","embeddable":true,"href":"http:\/\/www.lichtknoten.com\/webblog\/index.php?rest_route=%2Fwp%2Fv2%2Ftags&post=5463"}],"curies":[{"name":"wp","href":"https:\/\/api.w.org\/{rel}","templated":true}]}}