{"id":5138,"date":"2025-12-06T10:00:00","date_gmt":"2025-12-06T09:00:00","guid":{"rendered":"http:\/\/www.lichtknoten.com\/webblog\/?p=5138"},"modified":"2025-11-16T16:08:21","modified_gmt":"2025-11-16T15:08:21","slug":"schattenbilder","status":"publish","type":"post","link":"http:\/\/www.lichtknoten.com\/webblog\/?p=5138","title":{"rendered":"Schattenbilder"},"content":{"rendered":"\n<p>M\u00fcnchen hat mir neulich zwei v\u00f6llig unterschiedliche Kunst-Erlebnisse vor die F\u00fc\u00dfe geworfen \u2013 und ich bin mir bis heute nicht sicher, ob ich Zeuge eines kreativen Zufalls, eines tiefgr\u00fcndigen Moments oder einfach nur von Bl\u00f6delei geworden bin. Jedenfalls sind dabei zwei Bilder entstanden, die ungef\u00e4hr so viel gemeinsam haben wie Wei\u00dfwurst und Techno.<\/p>\n\n\n\n<p><strong>Bild 1<\/strong>: Aufgenommen in der Ausstellung <em>\u201eDigital by Nature\u201c<\/em>. Klingt nach Kunst, Avantgarde, progressivem Denken\u2026 oder einfach nach <em>\u201eIch habe keine Ahnung, was es bedeutet, aber es sieht teuer aus.\u201c<\/em> Ich stand davor und habe mich tiefgr\u00fcndig gef\u00fchlt. Mindestens drei Minuten lang. Danach habe ich so getan, als w\u00fcrde ich es verstehen. (Hat gut funktioniert, niemand hat gefragt.)<\/p>\n\n\n\n<p><strong>Bild 2<\/strong>: Entstanden\u2026 \u00e4h\u2026 im Hotelzimmer. Ganz ehrlich? Das ist kein Kunstwerk \u2013 das ist eine Situation. Eine Stimmung. Ein <em>\u201eIch hab da mal was probiert\u201c<\/em>. Vielleicht ein mutiger Akt spontaner Kreativit\u00e4t. Vielleicht aber auch einfach die Folge von zu wenig Schlaf und zu viel M\u00fcnchner Luft.<\/p>\n\n\n\n<figure class=\"wp-block-image size-large\"><img loading=\"lazy\" decoding=\"async\" width=\"1024\" height=\"681\" src=\"http:\/\/www.lichtknoten.com\/webblog\/wp-content\/uploads\/2025\/11\/L1000021-1024x681.jpg\" alt=\"\" class=\"wp-image-5139\" srcset=\"http:\/\/www.lichtknoten.com\/webblog\/wp-content\/uploads\/2025\/11\/L1000021-1024x681.jpg 1024w, http:\/\/www.lichtknoten.com\/webblog\/wp-content\/uploads\/2025\/11\/L1000021-300x199.jpg 300w, http:\/\/www.lichtknoten.com\/webblog\/wp-content\/uploads\/2025\/11\/L1000021-768x510.jpg 768w, http:\/\/www.lichtknoten.com\/webblog\/wp-content\/uploads\/2025\/11\/L1000021-1536x1021.jpg 1536w, http:\/\/www.lichtknoten.com\/webblog\/wp-content\/uploads\/2025\/11\/L1000021-2048x1361.jpg 2048w, http:\/\/www.lichtknoten.com\/webblog\/wp-content\/uploads\/2025\/11\/L1000021-624x415.jpg 624w\" sizes=\"auto, (max-width: 1024px) 100vw, 1024px\" \/><figcaption class=\"wp-element-caption\"> <\/figcaption><\/figure>\n\n\n\n<figure class=\"wp-block-image size-large\"><img loading=\"lazy\" decoding=\"async\" width=\"1024\" height=\"681\" src=\"http:\/\/www.lichtknoten.com\/webblog\/wp-content\/uploads\/2025\/11\/L1000053-1024x681.jpg\" alt=\"\" class=\"wp-image-5140\" srcset=\"http:\/\/www.lichtknoten.com\/webblog\/wp-content\/uploads\/2025\/11\/L1000053-1024x681.jpg 1024w, http:\/\/www.lichtknoten.com\/webblog\/wp-content\/uploads\/2025\/11\/L1000053-300x199.jpg 300w, http:\/\/www.lichtknoten.com\/webblog\/wp-content\/uploads\/2025\/11\/L1000053-768x510.jpg 768w, http:\/\/www.lichtknoten.com\/webblog\/wp-content\/uploads\/2025\/11\/L1000053-1536x1021.jpg 1536w, http:\/\/www.lichtknoten.com\/webblog\/wp-content\/uploads\/2025\/11\/L1000053-2048x1361.jpg 2048w, http:\/\/www.lichtknoten.com\/webblog\/wp-content\/uploads\/2025\/11\/L1000053-624x415.jpg 624w\" sizes=\"auto, (max-width: 1024px) 100vw, 1024px\" \/><figcaption class=\"wp-element-caption\"> <\/figcaption><\/figure>\n\n\n\n<p>Lasst mich nicht allein mit meinen k\u00fcnstlerischen Identit\u00e4tskrisen. Meinungen?<\/p>\n\n\n\n<p>Euer Alex<\/p>\n","protected":false},"excerpt":{"rendered":"<p>M\u00fcnchen hat mir neulich zwei v\u00f6llig unterschiedliche Kunst-Erlebnisse vor die F\u00fc\u00dfe geworfen \u2013 und ich bin mir bis heute nicht sicher, ob ich Zeuge eines kreativen Zufalls, eines tiefgr\u00fcndigen Moments oder einfach nur von Bl\u00f6delei geworden bin. Jedenfalls sind dabei zwei Bilder entstanden, die ungef\u00e4hr so viel gemeinsam haben wie Wei\u00dfwurst und Techno. Bild 1: [&hellip;]<\/p>\n","protected":false},"author":1,"featured_media":0,"comment_status":"open","ping_status":"open","sticky":false,"template":"","format":"standard","meta":{"_jetpack_memberships_contains_paid_content":false,"footnotes":"","jetpack_publicize_message":"","jetpack_publicize_feature_enabled":true,"jetpack_social_post_already_shared":true,"jetpack_social_options":{"image_generator_settings":{"template":"highway","default_image_id":0,"font":"","enabled":false},"version":2}},"categories":[187,245,7,33,247],"tags":[],"class_list":["post-5138","post","type-post","status-publish","format-standard","hentry","category-abstraktes","category-apo-summicron-35","category-ausstellung","category-leica","category-m11-p"],"jetpack_publicize_connections":[],"jetpack_featured_media_url":"","jetpack_sharing_enabled":true,"_links":{"self":[{"href":"http:\/\/www.lichtknoten.com\/webblog\/index.php?rest_route=\/wp\/v2\/posts\/5138","targetHints":{"allow":["GET"]}}],"collection":[{"href":"http:\/\/www.lichtknoten.com\/webblog\/index.php?rest_route=\/wp\/v2\/posts"}],"about":[{"href":"http:\/\/www.lichtknoten.com\/webblog\/index.php?rest_route=\/wp\/v2\/types\/post"}],"author":[{"embeddable":true,"href":"http:\/\/www.lichtknoten.com\/webblog\/index.php?rest_route=\/wp\/v2\/users\/1"}],"replies":[{"embeddable":true,"href":"http:\/\/www.lichtknoten.com\/webblog\/index.php?rest_route=%2Fwp%2Fv2%2Fcomments&post=5138"}],"version-history":[{"count":1,"href":"http:\/\/www.lichtknoten.com\/webblog\/index.php?rest_route=\/wp\/v2\/posts\/5138\/revisions"}],"predecessor-version":[{"id":5141,"href":"http:\/\/www.lichtknoten.com\/webblog\/index.php?rest_route=\/wp\/v2\/posts\/5138\/revisions\/5141"}],"wp:attachment":[{"href":"http:\/\/www.lichtknoten.com\/webblog\/index.php?rest_route=%2Fwp%2Fv2%2Fmedia&parent=5138"}],"wp:term":[{"taxonomy":"category","embeddable":true,"href":"http:\/\/www.lichtknoten.com\/webblog\/index.php?rest_route=%2Fwp%2Fv2%2Fcategories&post=5138"},{"taxonomy":"post_tag","embeddable":true,"href":"http:\/\/www.lichtknoten.com\/webblog\/index.php?rest_route=%2Fwp%2Fv2%2Ftags&post=5138"}],"curies":[{"name":"wp","href":"https:\/\/api.w.org\/{rel}","templated":true}]}}