{"id":5115,"date":"2025-11-15T10:00:00","date_gmt":"2025-11-15T09:00:00","guid":{"rendered":"http:\/\/www.lichtknoten.com\/webblog\/?p=5115"},"modified":"2025-11-22T06:56:20","modified_gmt":"2025-11-22T05:56:20","slug":"sommermaerchen-2025-ein-kritischer-rueckblick","status":"publish","type":"post","link":"http:\/\/www.lichtknoten.com\/webblog\/?p=5115","title":{"rendered":"Sommerm\u00e4rchen 2025 &#8211; Ein kritischer R\u00fcckblick"},"content":{"rendered":"\n<p>Der Sommer liegt hinter mir, und mit ihm eine Reise, die mich von Ligurien bis nach La Grande-Motte gef\u00fchrt hat. Es war eine Fahrt durch Landschaften, die sch\u00f6ner kaum sein k\u00f6nnten: schroffe K\u00fcsten, silbrig schimmernde Olivenhaine, glitzerndes Meer, das in der Nachmittagssonne fast unwirklich leuchtet. Das Wetter war ein Traum, das Essen wie immer in dieser Region ein Fest \u2013 frisch, einfach, ehrlich. Es war ein Sommer, der alle Sinne angesprochen hat. Und doch blieb etwas h\u00e4ngen, das sich nicht so leicht in Fotos oder Erinnerungen fassen l\u00e4sst.<\/p>\n\n\n\n<p>Denn so wundersch\u00f6n all das war \u2013 so bedr\u00fcckend war stellenweise auch die Dichte an Menschen. Moneglia, Antibes, Cassis \u2013 Orte, die an sich klein, verwinkelt und charmant sind, wurden im Hochsommer zu B\u00fchnen f\u00fcr das allgegenw\u00e4rtige Schauspiel des Tourismus. Menschen schieben sich durch enge Gassen, alle auf der Suche nach dem perfekten Blick, dem besten Tisch, dem besonderen Moment. Ich selbst mittendrin. Und pl\u00f6tzlich stellt sich die Frage: <\/p>\n\n\n\n<p class=\"has-medium-font-size\"><strong>Warum eigentlich? Warum zieht es uns alle an dieselben Orte, zu denselben Zeiten, mit denselben Erwartungen?<\/strong><\/p>\n\n\n\n<p>Vielleicht, weil wir glauben, dass Sch\u00f6nheit sich dort verdichtet, wo viele sie suchen. Vielleicht, weil wir uns dort, wo andere staunen, selbst gespiegelt f\u00fchlen. Oder weil wir l\u00e4ngst einem unsichtbaren Kompass folgen \u2013 den sozialen Medien, den Reisef\u00fchrern, den Bildern, die uns sagen, wo das Gl\u00fcck zu finden ist.<\/p>\n\n\n\n<p>Ich musste an den Sommer 2024 denken, den ich an der Atlantikk\u00fcste und in den Pyren\u00e4en verbracht habe (ja, die letzte Station war auch am Mittelmeer). Weite Str\u00e4nde, kaum Menschen, nur Wind, Meer und der Geruch von Salz und Tang. Vielleicht war es weniger spektakul\u00e4r, aber auf eine tiefere Weise erf\u00fcllender.<\/p>\n\n\n\n<p>Reisen war f\u00fcr mich immer eine Form des Suchens \u2013 nach Eindr\u00fccken, nach Perspektiven, vielleicht auch nach mir selbst. Doch je mehr ich reise, desto deutlicher sp\u00fcre ich, dass die Sch\u00f6nheit der Welt an manchen Orten zu ersticken droht \u2013 unter unseren eigenen Fu\u00dfspuren, unter dem Gewicht unserer Sehns\u00fcchte.<\/p>\n\n\n\n<p>La Grande-Motte am Ende der Reise war da fast symbolisch: eine Stadt, geplant und gebaut f\u00fcr den Tourismus, architektonisch spannend, aber auch k\u00fcnstlich \u2013 eine Kulisse f\u00fcr das, was wir suchen, aber selten finden.<\/p>\n\n\n\n<p>Vielleicht ist das die eigentliche Erkenntnis dieser Reise: dass wir uns fragen m\u00fcssen, wie wir reisen wollen. Ob wir noch bereit sind, Umwege zu machen, Stille auszuhalten, Orte zu suchen, die uns nichts versprechen \u2013 und uns gerade deshalb etwas geben. <\/p>\n\n\n\n<p>Und trotz dieser kritischen Gedenkan habe ich mit Antibes eine Stadt gefunden, die ich einfach liebe und ja, ich m\u00f6chte dort wieder hin &#8211; ein Widerspruch?! Wir werden sehen&#8230;<\/p>\n\n\n\n<figure class=\"wp-block-image size-large\"><img loading=\"lazy\" decoding=\"async\" width=\"1024\" height=\"680\" src=\"http:\/\/www.lichtknoten.com\/webblog\/wp-content\/uploads\/2025\/10\/L1000068-1024x680.jpg\" alt=\"\" class=\"wp-image-5116\" srcset=\"http:\/\/www.lichtknoten.com\/webblog\/wp-content\/uploads\/2025\/10\/L1000068-1024x680.jpg 1024w, http:\/\/www.lichtknoten.com\/webblog\/wp-content\/uploads\/2025\/10\/L1000068-300x199.jpg 300w, http:\/\/www.lichtknoten.com\/webblog\/wp-content\/uploads\/2025\/10\/L1000068-768x510.jpg 768w, http:\/\/www.lichtknoten.com\/webblog\/wp-content\/uploads\/2025\/10\/L1000068-1536x1021.jpg 1536w, http:\/\/www.lichtknoten.com\/webblog\/wp-content\/uploads\/2025\/10\/L1000068-2048x1361.jpg 2048w, http:\/\/www.lichtknoten.com\/webblog\/wp-content\/uploads\/2025\/10\/L1000068-624x415.jpg 624w\" sizes=\"auto, (max-width: 1024px) 100vw, 1024px\" \/><figcaption class=\"wp-element-caption\">  <\/figcaption><\/figure>\n\n\n\n<p>Euer Alex<\/p>\n","protected":false},"excerpt":{"rendered":"<p>Der Sommer liegt hinter mir, und mit ihm eine Reise, die mich von Ligurien bis nach La Grande-Motte gef\u00fchrt hat. Es war eine Fahrt durch Landschaften, die sch\u00f6ner kaum sein k\u00f6nnten: schroffe K\u00fcsten, silbrig schimmernde Olivenhaine, glitzerndes Meer, das in der Nachmittagssonne fast unwirklich leuchtet. Das Wetter war ein Traum, das Essen wie immer in [&hellip;]<\/p>\n","protected":false},"author":1,"featured_media":0,"comment_status":"open","ping_status":"open","sticky":false,"template":"","format":"standard","meta":{"_jetpack_memberships_contains_paid_content":false,"footnotes":"","jetpack_publicize_message":"","jetpack_publicize_feature_enabled":true,"jetpack_social_post_already_shared":true,"jetpack_social_options":{"image_generator_settings":{"template":"highway","default_image_id":0,"font":"","enabled":false},"version":2}},"categories":[33,247],"tags":[273,95],"class_list":["post-5115","post","type-post","status-publish","format-standard","hentry","category-leica","category-m11-p","tag-kritik","tag-leica-m"],"jetpack_publicize_connections":[],"jetpack_featured_media_url":"","jetpack_sharing_enabled":true,"_links":{"self":[{"href":"http:\/\/www.lichtknoten.com\/webblog\/index.php?rest_route=\/wp\/v2\/posts\/5115","targetHints":{"allow":["GET"]}}],"collection":[{"href":"http:\/\/www.lichtknoten.com\/webblog\/index.php?rest_route=\/wp\/v2\/posts"}],"about":[{"href":"http:\/\/www.lichtknoten.com\/webblog\/index.php?rest_route=\/wp\/v2\/types\/post"}],"author":[{"embeddable":true,"href":"http:\/\/www.lichtknoten.com\/webblog\/index.php?rest_route=\/wp\/v2\/users\/1"}],"replies":[{"embeddable":true,"href":"http:\/\/www.lichtknoten.com\/webblog\/index.php?rest_route=%2Fwp%2Fv2%2Fcomments&post=5115"}],"version-history":[{"count":3,"href":"http:\/\/www.lichtknoten.com\/webblog\/index.php?rest_route=\/wp\/v2\/posts\/5115\/revisions"}],"predecessor-version":[{"id":5144,"href":"http:\/\/www.lichtknoten.com\/webblog\/index.php?rest_route=\/wp\/v2\/posts\/5115\/revisions\/5144"}],"wp:attachment":[{"href":"http:\/\/www.lichtknoten.com\/webblog\/index.php?rest_route=%2Fwp%2Fv2%2Fmedia&parent=5115"}],"wp:term":[{"taxonomy":"category","embeddable":true,"href":"http:\/\/www.lichtknoten.com\/webblog\/index.php?rest_route=%2Fwp%2Fv2%2Fcategories&post=5115"},{"taxonomy":"post_tag","embeddable":true,"href":"http:\/\/www.lichtknoten.com\/webblog\/index.php?rest_route=%2Fwp%2Fv2%2Ftags&post=5115"}],"curies":[{"name":"wp","href":"https:\/\/api.w.org\/{rel}","templated":true}]}}