{"id":4202,"date":"2023-09-16T10:00:00","date_gmt":"2023-09-16T08:00:00","guid":{"rendered":"http:\/\/www.lichtknoten.com\/webblog\/?p=4202"},"modified":"2023-09-10T15:56:45","modified_gmt":"2023-09-10T13:56:45","slug":"am-lago-teil-2-romantik","status":"publish","type":"post","link":"http:\/\/www.lichtknoten.com\/webblog\/?p=4202","title":{"rendered":"Am Lago &#8211; Teil 2 (Romantik!)"},"content":{"rendered":"\n<p>Ohne Romantik ist alles nichts! In diesem Sinne: Romantik! Auch am Lago Maggiore. Zwei Bilder, die am fr\u00fchen Morgen entstanden sind, beim Spaziergang zum B\u00e4cker. Die Sonne konnte sich nicht entscheiden, ob sie schon wach war &#8211; ideal f\u00fcrs Fotografieren.<\/p>\n\n\n\n<figure class=\"wp-block-image size-large\"><img loading=\"lazy\" decoding=\"async\" width=\"1024\" height=\"684\" src=\"http:\/\/www.lichtknoten.com\/webblog\/wp-content\/uploads\/2023\/09\/L1005322-1024x684.jpg\" alt=\"\" class=\"wp-image-4203\" srcset=\"http:\/\/www.lichtknoten.com\/webblog\/wp-content\/uploads\/2023\/09\/L1005322-1024x684.jpg 1024w, http:\/\/www.lichtknoten.com\/webblog\/wp-content\/uploads\/2023\/09\/L1005322-300x200.jpg 300w, http:\/\/www.lichtknoten.com\/webblog\/wp-content\/uploads\/2023\/09\/L1005322-768x513.jpg 768w, http:\/\/www.lichtknoten.com\/webblog\/wp-content\/uploads\/2023\/09\/L1005322-1536x1026.jpg 1536w, http:\/\/www.lichtknoten.com\/webblog\/wp-content\/uploads\/2023\/09\/L1005322-2048x1368.jpg 2048w, http:\/\/www.lichtknoten.com\/webblog\/wp-content\/uploads\/2023\/09\/L1005322-624x417.jpg 624w\" sizes=\"auto, (max-width: 1024px) 100vw, 1024px\" \/><figcaption class=\"wp-element-caption\"> <\/figcaption><\/figure>\n\n\n\n<figure class=\"wp-block-image size-large\"><img loading=\"lazy\" decoding=\"async\" width=\"1024\" height=\"684\" src=\"http:\/\/www.lichtknoten.com\/webblog\/wp-content\/uploads\/2023\/09\/L1005404-1024x684.jpg\" alt=\"\" class=\"wp-image-4204\" srcset=\"http:\/\/www.lichtknoten.com\/webblog\/wp-content\/uploads\/2023\/09\/L1005404-1024x684.jpg 1024w, http:\/\/www.lichtknoten.com\/webblog\/wp-content\/uploads\/2023\/09\/L1005404-300x200.jpg 300w, http:\/\/www.lichtknoten.com\/webblog\/wp-content\/uploads\/2023\/09\/L1005404-768x513.jpg 768w, http:\/\/www.lichtknoten.com\/webblog\/wp-content\/uploads\/2023\/09\/L1005404-1536x1026.jpg 1536w, http:\/\/www.lichtknoten.com\/webblog\/wp-content\/uploads\/2023\/09\/L1005404-2048x1368.jpg 2048w, http:\/\/www.lichtknoten.com\/webblog\/wp-content\/uploads\/2023\/09\/L1005404-624x417.jpg 624w\" sizes=\"auto, (max-width: 1024px) 100vw, 1024px\" \/><figcaption class=\"wp-element-caption\"> <\/figcaption><\/figure>\n\n\n\n<p>Ich brauche nicht erw\u00e4hnen, welche Kamera und welches Objekt eingesetzt wurden, oder? Das zweite Bild wirkt auf mich immer etwas &#8222;schief&#8220;, obwohl es perfekt &#8222;horizontiert&#8220; wurde &#8211; hier t\u00e4uscht aber wohl der Eindruck.<\/p>\n\n\n\n<p>Euer Alex<\/p>\n","protected":false},"excerpt":{"rendered":"<p>Ohne Romantik ist alles nichts! In diesem Sinne: Romantik! Auch am Lago Maggiore. Zwei Bilder, die am fr\u00fchen Morgen entstanden sind, beim Spaziergang zum B\u00e4cker. Die Sonne konnte sich nicht entscheiden, ob sie schon wach war &#8211; ideal f\u00fcrs Fotografieren. Ich brauche nicht erw\u00e4hnen, welche Kamera und welches Objekt eingesetzt wurden, oder? Das zweite Bild [&hellip;]<\/p>\n","protected":false},"author":1,"featured_media":0,"comment_status":"open","ping_status":"open","sticky":false,"template":"","format":"standard","meta":{"_jetpack_memberships_contains_paid_content":false,"footnotes":"","jetpack_publicize_message":"","jetpack_publicize_feature_enabled":true,"jetpack_social_post_already_shared":false,"jetpack_social_options":{"image_generator_settings":{"template":"highway","default_image_id":0,"font":"","enabled":false},"version":2}},"categories":[245,33,61,244,15],"tags":[194,95,152,112],"class_list":["post-4202","post","type-post","status-publish","format-standard","hentry","category-apo-summicron-35","category-leica","category-leica-m-typ-240","category-lightroom","category-reisefotografie","tag-lago-maggiore","tag-leica-m","tag-leica-m-typ-240","tag-leica-summicron"],"jetpack_publicize_connections":[],"jetpack_featured_media_url":"","jetpack_sharing_enabled":true,"_links":{"self":[{"href":"http:\/\/www.lichtknoten.com\/webblog\/index.php?rest_route=\/wp\/v2\/posts\/4202","targetHints":{"allow":["GET"]}}],"collection":[{"href":"http:\/\/www.lichtknoten.com\/webblog\/index.php?rest_route=\/wp\/v2\/posts"}],"about":[{"href":"http:\/\/www.lichtknoten.com\/webblog\/index.php?rest_route=\/wp\/v2\/types\/post"}],"author":[{"embeddable":true,"href":"http:\/\/www.lichtknoten.com\/webblog\/index.php?rest_route=\/wp\/v2\/users\/1"}],"replies":[{"embeddable":true,"href":"http:\/\/www.lichtknoten.com\/webblog\/index.php?rest_route=%2Fwp%2Fv2%2Fcomments&post=4202"}],"version-history":[{"count":1,"href":"http:\/\/www.lichtknoten.com\/webblog\/index.php?rest_route=\/wp\/v2\/posts\/4202\/revisions"}],"predecessor-version":[{"id":4205,"href":"http:\/\/www.lichtknoten.com\/webblog\/index.php?rest_route=\/wp\/v2\/posts\/4202\/revisions\/4205"}],"wp:attachment":[{"href":"http:\/\/www.lichtknoten.com\/webblog\/index.php?rest_route=%2Fwp%2Fv2%2Fmedia&parent=4202"}],"wp:term":[{"taxonomy":"category","embeddable":true,"href":"http:\/\/www.lichtknoten.com\/webblog\/index.php?rest_route=%2Fwp%2Fv2%2Fcategories&post=4202"},{"taxonomy":"post_tag","embeddable":true,"href":"http:\/\/www.lichtknoten.com\/webblog\/index.php?rest_route=%2Fwp%2Fv2%2Ftags&post=4202"}],"curies":[{"name":"wp","href":"https:\/\/api.w.org\/{rel}","templated":true}]}}