{"id":3936,"date":"2022-10-15T10:00:00","date_gmt":"2022-10-15T08:00:00","guid":{"rendered":"http:\/\/www.lichtknoten.com\/webblog\/?p=3936"},"modified":"2022-09-18T15:20:21","modified_gmt":"2022-09-18T13:20:21","slug":"formen-und-linien","status":"publish","type":"post","link":"http:\/\/www.lichtknoten.com\/webblog\/?p=3936","title":{"rendered":"Formen und Linien"},"content":{"rendered":"\n<p>In den letzten Tagen habe ich noch etwas mit den Bildern der letzten Wochen gespielt. Zwei Bilder will ich euch zeigen, die in die Rubrik &#8222;Formen und Linien&#8220; passen w\u00fcrden.<\/p>\n\n\n\n<figure class=\"wp-block-image size-large\"><img loading=\"lazy\" decoding=\"async\" width=\"1024\" height=\"684\" src=\"http:\/\/www.lichtknoten.com\/webblog\/wp-content\/uploads\/2022\/09\/L1004662-1024x684.jpg\" alt=\"\" class=\"wp-image-3937\" srcset=\"http:\/\/www.lichtknoten.com\/webblog\/wp-content\/uploads\/2022\/09\/L1004662-1024x684.jpg 1024w, http:\/\/www.lichtknoten.com\/webblog\/wp-content\/uploads\/2022\/09\/L1004662-300x200.jpg 300w, http:\/\/www.lichtknoten.com\/webblog\/wp-content\/uploads\/2022\/09\/L1004662-768x513.jpg 768w, http:\/\/www.lichtknoten.com\/webblog\/wp-content\/uploads\/2022\/09\/L1004662-1536x1026.jpg 1536w, http:\/\/www.lichtknoten.com\/webblog\/wp-content\/uploads\/2022\/09\/L1004662-2048x1368.jpg 2048w, http:\/\/www.lichtknoten.com\/webblog\/wp-content\/uploads\/2022\/09\/L1004662-624x417.jpg 624w\" sizes=\"auto, (max-width: 1024px) 100vw, 1024px\" \/><\/figure>\n\n\n\n<p>Dieses erste Bild zeigt eigentlich nicht viel und doch l\u00e4sst es mich nicht los. Die Farbgebung habe ich etwas in Richtung Blau gezogen &#8211; es wirkt dadurch etwas mystisch und erinnert  mich an die Filme der 70er Jahr.<\/p>\n\n\n\n<figure class=\"wp-block-image size-large\"><img loading=\"lazy\" decoding=\"async\" width=\"1024\" height=\"684\" src=\"http:\/\/www.lichtknoten.com\/webblog\/wp-content\/uploads\/2022\/09\/L1004512-1024x684.jpg\" alt=\"\" class=\"wp-image-3938\" srcset=\"http:\/\/www.lichtknoten.com\/webblog\/wp-content\/uploads\/2022\/09\/L1004512-1024x684.jpg 1024w, http:\/\/www.lichtknoten.com\/webblog\/wp-content\/uploads\/2022\/09\/L1004512-300x200.jpg 300w, http:\/\/www.lichtknoten.com\/webblog\/wp-content\/uploads\/2022\/09\/L1004512-768x513.jpg 768w, http:\/\/www.lichtknoten.com\/webblog\/wp-content\/uploads\/2022\/09\/L1004512-1536x1026.jpg 1536w, http:\/\/www.lichtknoten.com\/webblog\/wp-content\/uploads\/2022\/09\/L1004512-2048x1368.jpg 2048w, http:\/\/www.lichtknoten.com\/webblog\/wp-content\/uploads\/2022\/09\/L1004512-624x417.jpg 624w\" sizes=\"auto, (max-width: 1024px) 100vw, 1024px\" \/><\/figure>\n\n\n\n<p>Das zweite Bild von einem Treppengel\u00e4nder ist von der Formsprache her extrem reduziert. Ich habe es nach Schwarz-Wei\u00df konvertiert, obwohl es auch in Farbe wunderbar funktioniert. In dieser Version wirkt es aber noch ein St\u00fcck reduzierter.<\/p>\n\n\n\n<p>Euer Alex<\/p>\n","protected":false},"excerpt":{"rendered":"<p>In den letzten Tagen habe ich noch etwas mit den Bildern der letzten Wochen gespielt. Zwei Bilder will ich euch zeigen, die in die Rubrik &#8222;Formen und Linien&#8220; passen w\u00fcrden. Dieses erste Bild zeigt eigentlich nicht viel und doch l\u00e4sst es mich nicht los. Die Farbgebung habe ich etwas in Richtung Blau gezogen &#8211; es [&hellip;]<\/p>\n","protected":false},"author":1,"featured_media":0,"comment_status":"open","ping_status":"open","sticky":false,"template":"","format":"standard","meta":{"_jetpack_memberships_contains_paid_content":false,"footnotes":"","jetpack_publicize_message":"","jetpack_publicize_feature_enabled":true,"jetpack_social_post_already_shared":false,"jetpack_social_options":{"image_generator_settings":{"template":"highway","default_image_id":0,"font":"","enabled":false},"version":2}},"categories":[187,33,61],"tags":[95,152,112],"class_list":["post-3936","post","type-post","status-publish","format-standard","hentry","category-abstraktes","category-leica","category-leica-m-typ-240","tag-leica-m","tag-leica-m-typ-240","tag-leica-summicron"],"jetpack_publicize_connections":[],"jetpack_featured_media_url":"","jetpack_sharing_enabled":true,"_links":{"self":[{"href":"http:\/\/www.lichtknoten.com\/webblog\/index.php?rest_route=\/wp\/v2\/posts\/3936","targetHints":{"allow":["GET"]}}],"collection":[{"href":"http:\/\/www.lichtknoten.com\/webblog\/index.php?rest_route=\/wp\/v2\/posts"}],"about":[{"href":"http:\/\/www.lichtknoten.com\/webblog\/index.php?rest_route=\/wp\/v2\/types\/post"}],"author":[{"embeddable":true,"href":"http:\/\/www.lichtknoten.com\/webblog\/index.php?rest_route=\/wp\/v2\/users\/1"}],"replies":[{"embeddable":true,"href":"http:\/\/www.lichtknoten.com\/webblog\/index.php?rest_route=%2Fwp%2Fv2%2Fcomments&post=3936"}],"version-history":[{"count":1,"href":"http:\/\/www.lichtknoten.com\/webblog\/index.php?rest_route=\/wp\/v2\/posts\/3936\/revisions"}],"predecessor-version":[{"id":3939,"href":"http:\/\/www.lichtknoten.com\/webblog\/index.php?rest_route=\/wp\/v2\/posts\/3936\/revisions\/3939"}],"wp:attachment":[{"href":"http:\/\/www.lichtknoten.com\/webblog\/index.php?rest_route=%2Fwp%2Fv2%2Fmedia&parent=3936"}],"wp:term":[{"taxonomy":"category","embeddable":true,"href":"http:\/\/www.lichtknoten.com\/webblog\/index.php?rest_route=%2Fwp%2Fv2%2Fcategories&post=3936"},{"taxonomy":"post_tag","embeddable":true,"href":"http:\/\/www.lichtknoten.com\/webblog\/index.php?rest_route=%2Fwp%2Fv2%2Ftags&post=3936"}],"curies":[{"name":"wp","href":"https:\/\/api.w.org\/{rel}","templated":true}]}}