{"id":3844,"date":"2022-05-15T17:07:56","date_gmt":"2022-05-15T15:07:56","guid":{"rendered":"http:\/\/www.lichtknoten.com\/webblog\/?p=3844"},"modified":"2022-05-15T17:07:56","modified_gmt":"2022-05-15T15:07:56","slug":"perspektivisch-und-schraeg","status":"publish","type":"post","link":"http:\/\/www.lichtknoten.com\/webblog\/?p=3844","title":{"rendered":"Perspektivisch und schr\u00e4g"},"content":{"rendered":"\n<p>Am Vitra Campus habe ich mich wieder mit dem bekannten Durchgang besch\u00e4ftigt. Herausgekommen ist ein Bild, das ich zun\u00e4chst gar nicht in die engere Wahl genommen habe. Jetzt habe ich aber doch etwas mit dem Beschnitt gearbeitet und es gef\u00e4llt mir recht gut.<\/p>\n\n\n\n<figure class=\"wp-block-image size-large\"><img loading=\"lazy\" decoding=\"async\" width=\"1024\" height=\"688\" src=\"http:\/\/www.lichtknoten.com\/webblog\/wp-content\/uploads\/2022\/05\/L1004064-1024x688.jpg\" alt=\"\" class=\"wp-image-3845\" srcset=\"http:\/\/www.lichtknoten.com\/webblog\/wp-content\/uploads\/2022\/05\/L1004064-1024x688.jpg 1024w, http:\/\/www.lichtknoten.com\/webblog\/wp-content\/uploads\/2022\/05\/L1004064-300x202.jpg 300w, http:\/\/www.lichtknoten.com\/webblog\/wp-content\/uploads\/2022\/05\/L1004064-768x516.jpg 768w, http:\/\/www.lichtknoten.com\/webblog\/wp-content\/uploads\/2022\/05\/L1004064-1536x1032.jpg 1536w, http:\/\/www.lichtknoten.com\/webblog\/wp-content\/uploads\/2022\/05\/L1004064-2048x1376.jpg 2048w, http:\/\/www.lichtknoten.com\/webblog\/wp-content\/uploads\/2022\/05\/L1004064-624x419.jpg 624w\" sizes=\"auto, (max-width: 1024px) 100vw, 1024px\" \/><\/figure>\n\n\n\n<p>Lange habe ich auch \u00fcberlegt, ob ich es perspektivisch korrigieren und ev. unten etwas beschneiden soll. Habe es dann aber doch sein lassen. Ich denke der Durchgang hat Potential f\u00fcr zuk\u00fcnftige Aufnahmen&#8230;<\/p>\n\n\n\n<p>Alex<\/p>\n","protected":false},"excerpt":{"rendered":"<p>Am Vitra Campus habe ich mich wieder mit dem bekannten Durchgang besch\u00e4ftigt. Herausgekommen ist ein Bild, das ich zun\u00e4chst gar nicht in die engere Wahl genommen habe. Jetzt habe ich aber doch etwas mit dem Beschnitt gearbeitet und es gef\u00e4llt mir recht gut. Lange habe ich auch \u00fcberlegt, ob ich es perspektivisch korrigieren und ev. [&hellip;]<\/p>\n","protected":false},"author":1,"featured_media":0,"comment_status":"open","ping_status":"open","sticky":false,"template":"","format":"standard","meta":{"_jetpack_memberships_contains_paid_content":false,"footnotes":"","jetpack_publicize_message":"","jetpack_publicize_feature_enabled":true,"jetpack_social_post_already_shared":false,"jetpack_social_options":{"image_generator_settings":{"template":"highway","default_image_id":0,"font":"","enabled":false},"version":2}},"categories":[187,33,61,234],"tags":[],"class_list":["post-3844","post","type-post","status-publish","format-standard","hentry","category-abstraktes","category-leica","category-leica-m-typ-240","category-vitra"],"jetpack_publicize_connections":[],"jetpack_featured_media_url":"","jetpack_sharing_enabled":true,"_links":{"self":[{"href":"http:\/\/www.lichtknoten.com\/webblog\/index.php?rest_route=\/wp\/v2\/posts\/3844","targetHints":{"allow":["GET"]}}],"collection":[{"href":"http:\/\/www.lichtknoten.com\/webblog\/index.php?rest_route=\/wp\/v2\/posts"}],"about":[{"href":"http:\/\/www.lichtknoten.com\/webblog\/index.php?rest_route=\/wp\/v2\/types\/post"}],"author":[{"embeddable":true,"href":"http:\/\/www.lichtknoten.com\/webblog\/index.php?rest_route=\/wp\/v2\/users\/1"}],"replies":[{"embeddable":true,"href":"http:\/\/www.lichtknoten.com\/webblog\/index.php?rest_route=%2Fwp%2Fv2%2Fcomments&post=3844"}],"version-history":[{"count":1,"href":"http:\/\/www.lichtknoten.com\/webblog\/index.php?rest_route=\/wp\/v2\/posts\/3844\/revisions"}],"predecessor-version":[{"id":3846,"href":"http:\/\/www.lichtknoten.com\/webblog\/index.php?rest_route=\/wp\/v2\/posts\/3844\/revisions\/3846"}],"wp:attachment":[{"href":"http:\/\/www.lichtknoten.com\/webblog\/index.php?rest_route=%2Fwp%2Fv2%2Fmedia&parent=3844"}],"wp:term":[{"taxonomy":"category","embeddable":true,"href":"http:\/\/www.lichtknoten.com\/webblog\/index.php?rest_route=%2Fwp%2Fv2%2Fcategories&post=3844"},{"taxonomy":"post_tag","embeddable":true,"href":"http:\/\/www.lichtknoten.com\/webblog\/index.php?rest_route=%2Fwp%2Fv2%2Ftags&post=3844"}],"curies":[{"name":"wp","href":"https:\/\/api.w.org\/{rel}","templated":true}]}}