{"id":3128,"date":"2018-07-15T14:04:18","date_gmt":"2018-07-15T12:04:18","guid":{"rendered":"http:\/\/www.lichtknoten.com\/webblog\/?p=3128"},"modified":"2018-07-15T14:04:18","modified_gmt":"2018-07-15T12:04:18","slug":"strassenkunst","status":"publish","type":"post","link":"http:\/\/www.lichtknoten.com\/webblog\/?p=3128","title":{"rendered":"Stra\u00dfenkunst&#8230;"},"content":{"rendered":"<p>Im Vorbeigehen entdeckt: Stra\u00dfenkunst, mitten in Freiburg. Bund, schrill und einfach nur sch\u00f6n. Zumindest in meinen Augen!<\/p>\n<p><a href=\"http:\/\/www.lichtknoten.com\/webblog\/?attachment_id=3129\" rel=\"attachment wp-att-3129\"><img loading=\"lazy\" decoding=\"async\" class=\"aligncenter size-full wp-image-3129\" src=\"http:\/\/www.lichtknoten.com\/webblog\/wp-content\/uploads\/2018\/07\/IMG_20180711_181734.jpg\" alt=\"\" width=\"2500\" height=\"1875\" srcset=\"http:\/\/www.lichtknoten.com\/webblog\/wp-content\/uploads\/2018\/07\/IMG_20180711_181734.jpg 2500w, http:\/\/www.lichtknoten.com\/webblog\/wp-content\/uploads\/2018\/07\/IMG_20180711_181734-300x225.jpg 300w, http:\/\/www.lichtknoten.com\/webblog\/wp-content\/uploads\/2018\/07\/IMG_20180711_181734-768x576.jpg 768w, http:\/\/www.lichtknoten.com\/webblog\/wp-content\/uploads\/2018\/07\/IMG_20180711_181734-1024x768.jpg 1024w, http:\/\/www.lichtknoten.com\/webblog\/wp-content\/uploads\/2018\/07\/IMG_20180711_181734-624x468.jpg 624w\" sizes=\"auto, (max-width: 2500px) 100vw, 2500px\" \/><\/a> <a href=\"http:\/\/www.lichtknoten.com\/webblog\/?attachment_id=3130\" rel=\"attachment wp-att-3130\"><img loading=\"lazy\" decoding=\"async\" class=\"aligncenter size-full wp-image-3130\" src=\"http:\/\/www.lichtknoten.com\/webblog\/wp-content\/uploads\/2018\/07\/IMG_20180711_181746.jpg\" alt=\"\" width=\"2500\" height=\"1875\" srcset=\"http:\/\/www.lichtknoten.com\/webblog\/wp-content\/uploads\/2018\/07\/IMG_20180711_181746.jpg 2500w, http:\/\/www.lichtknoten.com\/webblog\/wp-content\/uploads\/2018\/07\/IMG_20180711_181746-300x225.jpg 300w, http:\/\/www.lichtknoten.com\/webblog\/wp-content\/uploads\/2018\/07\/IMG_20180711_181746-768x576.jpg 768w, http:\/\/www.lichtknoten.com\/webblog\/wp-content\/uploads\/2018\/07\/IMG_20180711_181746-1024x768.jpg 1024w, http:\/\/www.lichtknoten.com\/webblog\/wp-content\/uploads\/2018\/07\/IMG_20180711_181746-624x468.jpg 624w\" sizes=\"auto, (max-width: 2500px) 100vw, 2500px\" \/><\/a> <a href=\"http:\/\/www.lichtknoten.com\/webblog\/?attachment_id=3131\" rel=\"attachment wp-att-3131\"><img loading=\"lazy\" decoding=\"async\" class=\"aligncenter size-full wp-image-3131\" src=\"http:\/\/www.lichtknoten.com\/webblog\/wp-content\/uploads\/2018\/07\/IMG_20180711_181758.jpg\" alt=\"\" width=\"2500\" height=\"1875\" srcset=\"http:\/\/www.lichtknoten.com\/webblog\/wp-content\/uploads\/2018\/07\/IMG_20180711_181758.jpg 2500w, http:\/\/www.lichtknoten.com\/webblog\/wp-content\/uploads\/2018\/07\/IMG_20180711_181758-300x225.jpg 300w, http:\/\/www.lichtknoten.com\/webblog\/wp-content\/uploads\/2018\/07\/IMG_20180711_181758-768x576.jpg 768w, http:\/\/www.lichtknoten.com\/webblog\/wp-content\/uploads\/2018\/07\/IMG_20180711_181758-1024x768.jpg 1024w, http:\/\/www.lichtknoten.com\/webblog\/wp-content\/uploads\/2018\/07\/IMG_20180711_181758-624x468.jpg 624w\" sizes=\"auto, (max-width: 2500px) 100vw, 2500px\" \/><\/a>Euer Alex \/ LiK<\/p>\n","protected":false},"excerpt":{"rendered":"<p>Im Vorbeigehen entdeckt: Stra\u00dfenkunst, mitten in Freiburg. Bund, schrill und einfach nur sch\u00f6n. Zumindest in meinen Augen! Euer Alex \/ LiK<\/p>\n","protected":false},"author":1,"featured_media":0,"comment_status":"open","ping_status":"open","sticky":false,"template":"","format":"standard","meta":{"_jetpack_memberships_contains_paid_content":false,"footnotes":"","jetpack_publicize_message":"","jetpack_publicize_feature_enabled":true,"jetpack_social_post_already_shared":false,"jetpack_social_options":{"image_generator_settings":{"template":"highway","default_image_id":0,"font":"","enabled":false},"version":2}},"categories":[187,191],"tags":[],"class_list":["post-3128","post","type-post","status-publish","format-standard","hentry","category-abstraktes","category-smartphonefotografie"],"jetpack_publicize_connections":[],"jetpack_featured_media_url":"","jetpack_sharing_enabled":true,"_links":{"self":[{"href":"http:\/\/www.lichtknoten.com\/webblog\/index.php?rest_route=\/wp\/v2\/posts\/3128","targetHints":{"allow":["GET"]}}],"collection":[{"href":"http:\/\/www.lichtknoten.com\/webblog\/index.php?rest_route=\/wp\/v2\/posts"}],"about":[{"href":"http:\/\/www.lichtknoten.com\/webblog\/index.php?rest_route=\/wp\/v2\/types\/post"}],"author":[{"embeddable":true,"href":"http:\/\/www.lichtknoten.com\/webblog\/index.php?rest_route=\/wp\/v2\/users\/1"}],"replies":[{"embeddable":true,"href":"http:\/\/www.lichtknoten.com\/webblog\/index.php?rest_route=%2Fwp%2Fv2%2Fcomments&post=3128"}],"version-history":[{"count":1,"href":"http:\/\/www.lichtknoten.com\/webblog\/index.php?rest_route=\/wp\/v2\/posts\/3128\/revisions"}],"predecessor-version":[{"id":3132,"href":"http:\/\/www.lichtknoten.com\/webblog\/index.php?rest_route=\/wp\/v2\/posts\/3128\/revisions\/3132"}],"wp:attachment":[{"href":"http:\/\/www.lichtknoten.com\/webblog\/index.php?rest_route=%2Fwp%2Fv2%2Fmedia&parent=3128"}],"wp:term":[{"taxonomy":"category","embeddable":true,"href":"http:\/\/www.lichtknoten.com\/webblog\/index.php?rest_route=%2Fwp%2Fv2%2Fcategories&post=3128"},{"taxonomy":"post_tag","embeddable":true,"href":"http:\/\/www.lichtknoten.com\/webblog\/index.php?rest_route=%2Fwp%2Fv2%2Ftags&post=3128"}],"curies":[{"name":"wp","href":"https:\/\/api.w.org\/{rel}","templated":true}]}}