{"id":3001,"date":"2017-09-30T09:00:26","date_gmt":"2017-09-30T07:00:26","guid":{"rendered":"http:\/\/www.lichtknoten.com\/webblog\/?p=3001"},"modified":"2017-09-24T10:48:01","modified_gmt":"2017-09-24T08:48:01","slug":"warschau-in-schwarz-weiss-teil-2","status":"publish","type":"post","link":"http:\/\/www.lichtknoten.com\/webblog\/?p=3001","title":{"rendered":"Warschau in Schwarz-Wei\u00df &#8211; Teil 2"},"content":{"rendered":"<p>Wie angek\u00fcndigt, will ich euch nun im zweiten Teil der &#8222;Warschau-Bilder&#8220; weitere Aufnahmen zeigen und Infos zu Ausarbeitung geben. Aber erst mal zu den Bildern&#8230;<\/p>\n<div id=\"attachment_2998\" style=\"width: 2510px\" class=\"wp-caption aligncenter\"><a href=\"http:\/\/www.lichtknoten.com\/webblog\/?attachment_id=2998\" rel=\"attachment wp-att-2998\"><img loading=\"lazy\" decoding=\"async\" aria-describedby=\"caption-attachment-2998\" class=\"wp-image-2998 size-full\" src=\"http:\/\/www.lichtknoten.com\/webblog\/wp-content\/uploads\/2017\/09\/L1001164.jpg\" alt=\"\" width=\"2500\" height=\"1671\" srcset=\"http:\/\/www.lichtknoten.com\/webblog\/wp-content\/uploads\/2017\/09\/L1001164.jpg 2500w, http:\/\/www.lichtknoten.com\/webblog\/wp-content\/uploads\/2017\/09\/L1001164-300x201.jpg 300w, http:\/\/www.lichtknoten.com\/webblog\/wp-content\/uploads\/2017\/09\/L1001164-768x513.jpg 768w, http:\/\/www.lichtknoten.com\/webblog\/wp-content\/uploads\/2017\/09\/L1001164-1024x684.jpg 1024w, http:\/\/www.lichtknoten.com\/webblog\/wp-content\/uploads\/2017\/09\/L1001164-624x417.jpg 624w\" sizes=\"auto, (max-width: 2500px) 100vw, 2500px\" \/><\/a><p id=\"caption-attachment-2998\" class=\"wp-caption-text\">Kapitalismus 2.0. Fotografiert mit Leica Leica M und Summilux-M 50 mm @ f\/2.8.<\/p><\/div>\n<div id=\"attachment_2995\" style=\"width: 2510px\" class=\"wp-caption aligncenter\"><a href=\"http:\/\/www.lichtknoten.com\/webblog\/?attachment_id=2995\" rel=\"attachment wp-att-2995\"><img loading=\"lazy\" decoding=\"async\" aria-describedby=\"caption-attachment-2995\" class=\"wp-image-2995 size-full\" src=\"http:\/\/www.lichtknoten.com\/webblog\/wp-content\/uploads\/2017\/09\/L1001155.jpg\" alt=\"\" width=\"2500\" height=\"1670\" srcset=\"http:\/\/www.lichtknoten.com\/webblog\/wp-content\/uploads\/2017\/09\/L1001155.jpg 2500w, http:\/\/www.lichtknoten.com\/webblog\/wp-content\/uploads\/2017\/09\/L1001155-300x200.jpg 300w, http:\/\/www.lichtknoten.com\/webblog\/wp-content\/uploads\/2017\/09\/L1001155-768x513.jpg 768w, http:\/\/www.lichtknoten.com\/webblog\/wp-content\/uploads\/2017\/09\/L1001155-1024x684.jpg 1024w, http:\/\/www.lichtknoten.com\/webblog\/wp-content\/uploads\/2017\/09\/L1001155-624x417.jpg 624w\" sizes=\"auto, (max-width: 2500px) 100vw, 2500px\" \/><\/a><p id=\"caption-attachment-2995\" class=\"wp-caption-text\">Springbrunnen im Gegenlicht. Fotografiert mit Leica Leica M und Summilux-M 50 mm @ f\/5.6.<\/p><\/div>\n<div id=\"attachment_2994\" style=\"width: 2510px\" class=\"wp-caption aligncenter\"><a href=\"http:\/\/www.lichtknoten.com\/webblog\/?attachment_id=2994\" rel=\"attachment wp-att-2994\"><img loading=\"lazy\" decoding=\"async\" aria-describedby=\"caption-attachment-2994\" class=\"wp-image-2994 size-full\" src=\"http:\/\/www.lichtknoten.com\/webblog\/wp-content\/uploads\/2017\/09\/L1001152.jpg\" alt=\"\" width=\"2500\" height=\"1671\" srcset=\"http:\/\/www.lichtknoten.com\/webblog\/wp-content\/uploads\/2017\/09\/L1001152.jpg 2500w, http:\/\/www.lichtknoten.com\/webblog\/wp-content\/uploads\/2017\/09\/L1001152-300x201.jpg 300w, http:\/\/www.lichtknoten.com\/webblog\/wp-content\/uploads\/2017\/09\/L1001152-768x513.jpg 768w, http:\/\/www.lichtknoten.com\/webblog\/wp-content\/uploads\/2017\/09\/L1001152-1024x684.jpg 1024w, http:\/\/www.lichtknoten.com\/webblog\/wp-content\/uploads\/2017\/09\/L1001152-624x417.jpg 624w\" sizes=\"auto, (max-width: 2500px) 100vw, 2500px\" \/><\/a><p id=\"caption-attachment-2994\" class=\"wp-caption-text\">&#8222;The Metropolitan\u201c des Architekten Sir Norman Foster. Fotografiert mit Leica Leica M und Summilux-M 50 mm @ f\/5.6.<\/p><\/div>\n<div id=\"attachment_2993\" style=\"width: 2510px\" class=\"wp-caption aligncenter\"><a href=\"http:\/\/www.lichtknoten.com\/webblog\/?attachment_id=2993\" rel=\"attachment wp-att-2993\"><img loading=\"lazy\" decoding=\"async\" aria-describedby=\"caption-attachment-2993\" class=\"wp-image-2993 size-full\" src=\"http:\/\/www.lichtknoten.com\/webblog\/wp-content\/uploads\/2017\/09\/L1001149.jpg\" alt=\"\" width=\"2500\" height=\"1671\" srcset=\"http:\/\/www.lichtknoten.com\/webblog\/wp-content\/uploads\/2017\/09\/L1001149.jpg 2500w, http:\/\/www.lichtknoten.com\/webblog\/wp-content\/uploads\/2017\/09\/L1001149-300x201.jpg 300w, http:\/\/www.lichtknoten.com\/webblog\/wp-content\/uploads\/2017\/09\/L1001149-768x513.jpg 768w, http:\/\/www.lichtknoten.com\/webblog\/wp-content\/uploads\/2017\/09\/L1001149-1024x684.jpg 1024w, http:\/\/www.lichtknoten.com\/webblog\/wp-content\/uploads\/2017\/09\/L1001149-624x417.jpg 624w\" sizes=\"auto, (max-width: 2500px) 100vw, 2500px\" \/><\/a><p id=\"caption-attachment-2993\" class=\"wp-caption-text\">Innenansicht des &#8222;The Metropolitan\u201c des Architekten Sir Norman Foster. Fotografiert mit Leica Leica M und Summilux-M 50 mm @ f\/5.6.<\/p><\/div>\n<div id=\"attachment_2992\" style=\"width: 2510px\" class=\"wp-caption aligncenter\"><a href=\"http:\/\/www.lichtknoten.com\/webblog\/?attachment_id=2992\" rel=\"attachment wp-att-2992\"><img loading=\"lazy\" decoding=\"async\" aria-describedby=\"caption-attachment-2992\" class=\"wp-image-2992 size-full\" src=\"http:\/\/www.lichtknoten.com\/webblog\/wp-content\/uploads\/2017\/09\/L1001147.jpg\" alt=\"\" width=\"2500\" height=\"1670\" srcset=\"http:\/\/www.lichtknoten.com\/webblog\/wp-content\/uploads\/2017\/09\/L1001147.jpg 2500w, http:\/\/www.lichtknoten.com\/webblog\/wp-content\/uploads\/2017\/09\/L1001147-300x200.jpg 300w, http:\/\/www.lichtknoten.com\/webblog\/wp-content\/uploads\/2017\/09\/L1001147-768x513.jpg 768w, http:\/\/www.lichtknoten.com\/webblog\/wp-content\/uploads\/2017\/09\/L1001147-1024x684.jpg 1024w, http:\/\/www.lichtknoten.com\/webblog\/wp-content\/uploads\/2017\/09\/L1001147-624x417.jpg 624w\" sizes=\"auto, (max-width: 2500px) 100vw, 2500px\" \/><\/a><p id=\"caption-attachment-2992\" class=\"wp-caption-text\">Bef\u00f6rderungsmittel. Fotografiert mit Leica Leica M und Summilux-M 50 mm @ f\/2.0.<\/p><\/div>\n<div id=\"attachment_2989\" style=\"width: 2510px\" class=\"wp-caption aligncenter\"><a href=\"http:\/\/www.lichtknoten.com\/webblog\/?attachment_id=2989\" rel=\"attachment wp-att-2989\"><img loading=\"lazy\" decoding=\"async\" aria-describedby=\"caption-attachment-2989\" class=\"wp-image-2989 size-full\" src=\"http:\/\/www.lichtknoten.com\/webblog\/wp-content\/uploads\/2017\/09\/L1001137.jpg\" alt=\"\" width=\"2500\" height=\"1671\" srcset=\"http:\/\/www.lichtknoten.com\/webblog\/wp-content\/uploads\/2017\/09\/L1001137.jpg 2500w, http:\/\/www.lichtknoten.com\/webblog\/wp-content\/uploads\/2017\/09\/L1001137-300x201.jpg 300w, http:\/\/www.lichtknoten.com\/webblog\/wp-content\/uploads\/2017\/09\/L1001137-768x513.jpg 768w, http:\/\/www.lichtknoten.com\/webblog\/wp-content\/uploads\/2017\/09\/L1001137-1024x684.jpg 1024w, http:\/\/www.lichtknoten.com\/webblog\/wp-content\/uploads\/2017\/09\/L1001137-624x417.jpg 624w\" sizes=\"auto, (max-width: 2500px) 100vw, 2500px\" \/><\/a><p id=\"caption-attachment-2989\" class=\"wp-caption-text\">Stillstand. Fotografiert mit Leica Leica M und Summilux-M 50 mm @ f\/2.8.<\/p><\/div>\n<div id=\"attachment_2990\" style=\"width: 2510px\" class=\"wp-caption aligncenter\"><a href=\"http:\/\/www.lichtknoten.com\/webblog\/?attachment_id=2990\" rel=\"attachment wp-att-2990\"><img loading=\"lazy\" decoding=\"async\" aria-describedby=\"caption-attachment-2990\" class=\"wp-image-2990 size-full\" src=\"http:\/\/www.lichtknoten.com\/webblog\/wp-content\/uploads\/2017\/09\/L1001145.jpg\" alt=\"\" width=\"2500\" height=\"1671\" srcset=\"http:\/\/www.lichtknoten.com\/webblog\/wp-content\/uploads\/2017\/09\/L1001145.jpg 2500w, http:\/\/www.lichtknoten.com\/webblog\/wp-content\/uploads\/2017\/09\/L1001145-300x201.jpg 300w, http:\/\/www.lichtknoten.com\/webblog\/wp-content\/uploads\/2017\/09\/L1001145-768x513.jpg 768w, http:\/\/www.lichtknoten.com\/webblog\/wp-content\/uploads\/2017\/09\/L1001145-1024x684.jpg 1024w, http:\/\/www.lichtknoten.com\/webblog\/wp-content\/uploads\/2017\/09\/L1001145-624x417.jpg 624w\" sizes=\"auto, (max-width: 2500px) 100vw, 2500px\" \/><\/a><p id=\"caption-attachment-2990\" class=\"wp-caption-text\">Hinteransicht des &#8222;The Metropolitan\u201c. Fotografiert mit Leica Leica M und Summilux-M 50 mm @ f\/2.8.<\/p><\/div>\n<div id=\"attachment_2991\" style=\"width: 2510px\" class=\"wp-caption aligncenter\"><a href=\"http:\/\/www.lichtknoten.com\/webblog\/?attachment_id=2991\" rel=\"attachment wp-att-2991\"><img loading=\"lazy\" decoding=\"async\" aria-describedby=\"caption-attachment-2991\" class=\"wp-image-2991 size-full\" src=\"http:\/\/www.lichtknoten.com\/webblog\/wp-content\/uploads\/2017\/09\/L1001146.jpg\" alt=\"\" width=\"2500\" height=\"1670\" srcset=\"http:\/\/www.lichtknoten.com\/webblog\/wp-content\/uploads\/2017\/09\/L1001146.jpg 2500w, http:\/\/www.lichtknoten.com\/webblog\/wp-content\/uploads\/2017\/09\/L1001146-300x200.jpg 300w, http:\/\/www.lichtknoten.com\/webblog\/wp-content\/uploads\/2017\/09\/L1001146-768x513.jpg 768w, http:\/\/www.lichtknoten.com\/webblog\/wp-content\/uploads\/2017\/09\/L1001146-1024x684.jpg 1024w, http:\/\/www.lichtknoten.com\/webblog\/wp-content\/uploads\/2017\/09\/L1001146-624x417.jpg 624w\" sizes=\"auto, (max-width: 2500px) 100vw, 2500px\" \/><\/a><p id=\"caption-attachment-2991\" class=\"wp-caption-text\">Ausschnitt des &#8222;The Metropolitan\u201c. Fotografiert mit Leica Leica M und Summilux-M 50 mm @ f\/2.8.<\/p><\/div>\n<div id=\"attachment_2988\" style=\"width: 2510px\" class=\"wp-caption aligncenter\"><a href=\"http:\/\/www.lichtknoten.com\/webblog\/?attachment_id=2988\" rel=\"attachment wp-att-2988\"><img loading=\"lazy\" decoding=\"async\" aria-describedby=\"caption-attachment-2988\" class=\"wp-image-2988 size-full\" src=\"http:\/\/www.lichtknoten.com\/webblog\/wp-content\/uploads\/2017\/09\/L1001122.jpg\" alt=\"\" width=\"2500\" height=\"1670\" srcset=\"http:\/\/www.lichtknoten.com\/webblog\/wp-content\/uploads\/2017\/09\/L1001122.jpg 2500w, http:\/\/www.lichtknoten.com\/webblog\/wp-content\/uploads\/2017\/09\/L1001122-300x200.jpg 300w, http:\/\/www.lichtknoten.com\/webblog\/wp-content\/uploads\/2017\/09\/L1001122-768x513.jpg 768w, http:\/\/www.lichtknoten.com\/webblog\/wp-content\/uploads\/2017\/09\/L1001122-1024x684.jpg 1024w, http:\/\/www.lichtknoten.com\/webblog\/wp-content\/uploads\/2017\/09\/L1001122-624x417.jpg 624w\" sizes=\"auto, (max-width: 2500px) 100vw, 2500px\" \/><\/a><p id=\"caption-attachment-2988\" class=\"wp-caption-text\">Stadtplatz. Fotografiert mit Leica Leica M und Summilux-M 50 mm @ f\/5.6.<\/p><\/div>\n<div id=\"attachment_2985\" style=\"width: 2510px\" class=\"wp-caption aligncenter\"><a href=\"http:\/\/www.lichtknoten.com\/webblog\/?attachment_id=2985\" rel=\"attachment wp-att-2985\"><img loading=\"lazy\" decoding=\"async\" aria-describedby=\"caption-attachment-2985\" class=\"wp-image-2985 size-full\" src=\"http:\/\/www.lichtknoten.com\/webblog\/wp-content\/uploads\/2017\/09\/L1001111.jpg\" alt=\"\" width=\"2500\" height=\"1670\" srcset=\"http:\/\/www.lichtknoten.com\/webblog\/wp-content\/uploads\/2017\/09\/L1001111.jpg 2500w, http:\/\/www.lichtknoten.com\/webblog\/wp-content\/uploads\/2017\/09\/L1001111-300x200.jpg 300w, http:\/\/www.lichtknoten.com\/webblog\/wp-content\/uploads\/2017\/09\/L1001111-768x513.jpg 768w, http:\/\/www.lichtknoten.com\/webblog\/wp-content\/uploads\/2017\/09\/L1001111-1024x684.jpg 1024w, http:\/\/www.lichtknoten.com\/webblog\/wp-content\/uploads\/2017\/09\/L1001111-624x417.jpg 624w\" sizes=\"auto, (max-width: 2500px) 100vw, 2500px\" \/><\/a><p id=\"caption-attachment-2985\" class=\"wp-caption-text\">Prachtstra\u00dfe. Fotografiert mit Leica Leica M und Summilux-M 50 mm @ f\/5.6.<\/p><\/div>\n<p>Warum Schwarz-Wei\u00df? Als ich mich Richtung Osten nach Warschau aufgemacht habe, war f\u00fcr mich klar: die Stadt ist heruntergekommen, die Menschen arm und alles vermutlich sehr Schwarz-Wei\u00df! Dann kam ich in Warschau an und der Weg vom Flughafen ins Hotel best\u00e4rkte mich in dieser vorgefertigten Meinung. Der Weg von der Peripherie in das Innere von Warschau, zeigte mir dann aber deutlich, wie sehr die Menschen hier am Aufbruch arbeiten. H\u00e4user werden fein herausgeputzt, die Stra\u00dfen sind sauber und der Kapitalismus hat die Menschen in Beschlag genommen. Herausragend war aber das Licht an jenem Tag: extrem schr\u00e4g einfallend, leicht gelblich und sensationell warm! Dadurch entstand ein stimmiger Kontrast, den ich so noch nicht erlebt hatte. Trotzdem habe ich die Bilder nun in Schwarz-Wei\u00df hier gezeigt. Die Bilder habe ich nur marginal bearbeitet: manchmal leicht beschnitten und den Kontrast minimal angehoben.<\/p>\n<p>Und als kleine Draufgabe, m\u00f6chte ich euch in einem separaten Beitrag, hier bereits gezeigte Bilder, doch noch in Farbe ausgearbeitet darlegen: als Hommage an das Licht!<\/p>\n<p>Alex<\/p>\n","protected":false},"excerpt":{"rendered":"<p>Wie angek\u00fcndigt, will ich euch nun im zweiten Teil der &#8222;Warschau-Bilder&#8220; weitere Aufnahmen zeigen und Infos zu Ausarbeitung geben. Aber erst mal zu den Bildern&#8230; Warum Schwarz-Wei\u00df? Als ich mich Richtung Osten nach Warschau aufgemacht habe, war f\u00fcr mich klar: die Stadt ist heruntergekommen, die Menschen arm und alles vermutlich sehr Schwarz-Wei\u00df! Dann kam ich [&hellip;]<\/p>\n","protected":false},"author":1,"featured_media":0,"comment_status":"open","ping_status":"open","sticky":false,"template":"","format":"standard","meta":{"_jetpack_memberships_contains_paid_content":false,"footnotes":"","jetpack_publicize_message":"","jetpack_publicize_feature_enabled":true,"jetpack_social_post_already_shared":false,"jetpack_social_options":{"image_generator_settings":{"template":"highway","default_image_id":0,"font":"","enabled":false},"version":2}},"categories":[33,61,15],"tags":[188],"class_list":["post-3001","post","type-post","status-publish","format-standard","hentry","category-leica","category-leica-m-typ-240","category-reisefotografie","tag-warschau"],"jetpack_publicize_connections":[],"jetpack_featured_media_url":"","jetpack_sharing_enabled":true,"_links":{"self":[{"href":"http:\/\/www.lichtknoten.com\/webblog\/index.php?rest_route=\/wp\/v2\/posts\/3001","targetHints":{"allow":["GET"]}}],"collection":[{"href":"http:\/\/www.lichtknoten.com\/webblog\/index.php?rest_route=\/wp\/v2\/posts"}],"about":[{"href":"http:\/\/www.lichtknoten.com\/webblog\/index.php?rest_route=\/wp\/v2\/types\/post"}],"author":[{"embeddable":true,"href":"http:\/\/www.lichtknoten.com\/webblog\/index.php?rest_route=\/wp\/v2\/users\/1"}],"replies":[{"embeddable":true,"href":"http:\/\/www.lichtknoten.com\/webblog\/index.php?rest_route=%2Fwp%2Fv2%2Fcomments&post=3001"}],"version-history":[{"count":3,"href":"http:\/\/www.lichtknoten.com\/webblog\/index.php?rest_route=\/wp\/v2\/posts\/3001\/revisions"}],"predecessor-version":[{"id":3004,"href":"http:\/\/www.lichtknoten.com\/webblog\/index.php?rest_route=\/wp\/v2\/posts\/3001\/revisions\/3004"}],"wp:attachment":[{"href":"http:\/\/www.lichtknoten.com\/webblog\/index.php?rest_route=%2Fwp%2Fv2%2Fmedia&parent=3001"}],"wp:term":[{"taxonomy":"category","embeddable":true,"href":"http:\/\/www.lichtknoten.com\/webblog\/index.php?rest_route=%2Fwp%2Fv2%2Fcategories&post=3001"},{"taxonomy":"post_tag","embeddable":true,"href":"http:\/\/www.lichtknoten.com\/webblog\/index.php?rest_route=%2Fwp%2Fv2%2Ftags&post=3001"}],"curies":[{"name":"wp","href":"https:\/\/api.w.org\/{rel}","templated":true}]}}