{"id":2999,"date":"2017-09-24T10:12:00","date_gmt":"2017-09-24T08:12:00","guid":{"rendered":"http:\/\/www.lichtknoten.com\/webblog\/?p=2999"},"modified":"2017-09-24T10:12:00","modified_gmt":"2017-09-24T08:12:00","slug":"warschau-in-schwarz-weiss-teil-1","status":"publish","type":"post","link":"http:\/\/www.lichtknoten.com\/webblog\/?p=2999","title":{"rendered":"Warschau in Schwarz-Wei\u00df &#8211; Teil 1"},"content":{"rendered":"<p>Vor gut zwei Wochen war ich f\u00fcr wenige Tage in Warschau und hatte auch die Gelegenheit ein paar Stunden durch die Stadt zu gehen und zu fotografieren. Entstanden sind eine ganze Reihe von &#8222;zuf\u00e4lligen&#8220; Bildern. Interessant ist dabei, dass ich den Gro\u00dfteil mit dem Summilux-M 50 mm fotografiert habe und dadurch die Ausschnitte deutlicher und markanter geworden sind als \u00fcblich.<\/p>\n<div id=\"attachment_2997\" style=\"width: 2510px\" class=\"wp-caption aligncenter\"><a href=\"http:\/\/www.lichtknoten.com\/webblog\/?attachment_id=2997\" rel=\"attachment wp-att-2997\"><img loading=\"lazy\" decoding=\"async\" aria-describedby=\"caption-attachment-2997\" class=\"wp-image-2997 size-full\" src=\"http:\/\/www.lichtknoten.com\/webblog\/wp-content\/uploads\/2017\/09\/L1001163.jpg\" alt=\"\" width=\"2500\" height=\"1670\" srcset=\"http:\/\/www.lichtknoten.com\/webblog\/wp-content\/uploads\/2017\/09\/L1001163.jpg 2500w, http:\/\/www.lichtknoten.com\/webblog\/wp-content\/uploads\/2017\/09\/L1001163-300x200.jpg 300w, http:\/\/www.lichtknoten.com\/webblog\/wp-content\/uploads\/2017\/09\/L1001163-768x513.jpg 768w, http:\/\/www.lichtknoten.com\/webblog\/wp-content\/uploads\/2017\/09\/L1001163-1024x684.jpg 1024w, http:\/\/www.lichtknoten.com\/webblog\/wp-content\/uploads\/2017\/09\/L1001163-624x417.jpg 624w\" sizes=\"auto, (max-width: 2500px) 100vw, 2500px\" \/><\/a><p id=\"caption-attachment-2997\" class=\"wp-caption-text\">Kontrast. Fotografiert mit Leica Leica M und Summilux-M 50 mm @ f\/2.0<\/p><\/div>\n<div id=\"attachment_2996\" style=\"width: 2510px\" class=\"wp-caption aligncenter\"><a href=\"http:\/\/www.lichtknoten.com\/webblog\/?attachment_id=2996\" rel=\"attachment wp-att-2996\"><img loading=\"lazy\" decoding=\"async\" aria-describedby=\"caption-attachment-2996\" class=\"wp-image-2996 size-full\" src=\"http:\/\/www.lichtknoten.com\/webblog\/wp-content\/uploads\/2017\/09\/L1001161.jpg\" alt=\"\" width=\"2500\" height=\"1670\" srcset=\"http:\/\/www.lichtknoten.com\/webblog\/wp-content\/uploads\/2017\/09\/L1001161.jpg 2500w, http:\/\/www.lichtknoten.com\/webblog\/wp-content\/uploads\/2017\/09\/L1001161-300x200.jpg 300w, http:\/\/www.lichtknoten.com\/webblog\/wp-content\/uploads\/2017\/09\/L1001161-768x513.jpg 768w, http:\/\/www.lichtknoten.com\/webblog\/wp-content\/uploads\/2017\/09\/L1001161-1024x684.jpg 1024w, http:\/\/www.lichtknoten.com\/webblog\/wp-content\/uploads\/2017\/09\/L1001161-624x417.jpg 624w\" sizes=\"auto, (max-width: 2500px) 100vw, 2500px\" \/><\/a><p id=\"caption-attachment-2996\" class=\"wp-caption-text\">Perfekte Wohngegend. Fotografiert mit Leica Leica M und Summilux-M 50 mm @ f\/5.0<\/p><\/div>\n<div id=\"attachment_2982\" style=\"width: 2510px\" class=\"wp-caption aligncenter\"><a href=\"http:\/\/www.lichtknoten.com\/webblog\/?attachment_id=2982\" rel=\"attachment wp-att-2982\"><img loading=\"lazy\" decoding=\"async\" aria-describedby=\"caption-attachment-2982\" class=\"wp-image-2982 size-full\" src=\"http:\/\/www.lichtknoten.com\/webblog\/wp-content\/uploads\/2017\/09\/L1001060.jpg\" alt=\"\" width=\"2500\" height=\"1670\" srcset=\"http:\/\/www.lichtknoten.com\/webblog\/wp-content\/uploads\/2017\/09\/L1001060.jpg 2500w, http:\/\/www.lichtknoten.com\/webblog\/wp-content\/uploads\/2017\/09\/L1001060-300x200.jpg 300w, http:\/\/www.lichtknoten.com\/webblog\/wp-content\/uploads\/2017\/09\/L1001060-768x513.jpg 768w, http:\/\/www.lichtknoten.com\/webblog\/wp-content\/uploads\/2017\/09\/L1001060-1024x684.jpg 1024w, http:\/\/www.lichtknoten.com\/webblog\/wp-content\/uploads\/2017\/09\/L1001060-624x417.jpg 624w\" sizes=\"auto, (max-width: 2500px) 100vw, 2500px\" \/><\/a><p id=\"caption-attachment-2982\" class=\"wp-caption-text\">Wahrzeichen: Der Kulturpalast. Fotografiert mit Leica Leica M und Summicron-M 35 mm @ f\/2.5<\/p><\/div>\n<div id=\"attachment_2984\" style=\"width: 2510px\" class=\"wp-caption aligncenter\"><a href=\"http:\/\/www.lichtknoten.com\/webblog\/?attachment_id=2984\" rel=\"attachment wp-att-2984\"><img loading=\"lazy\" decoding=\"async\" aria-describedby=\"caption-attachment-2984\" class=\"wp-image-2984 size-full\" src=\"http:\/\/www.lichtknoten.com\/webblog\/wp-content\/uploads\/2017\/09\/L1001104.jpg\" alt=\"\" width=\"2500\" height=\"1670\" srcset=\"http:\/\/www.lichtknoten.com\/webblog\/wp-content\/uploads\/2017\/09\/L1001104.jpg 2500w, http:\/\/www.lichtknoten.com\/webblog\/wp-content\/uploads\/2017\/09\/L1001104-300x200.jpg 300w, http:\/\/www.lichtknoten.com\/webblog\/wp-content\/uploads\/2017\/09\/L1001104-768x513.jpg 768w, http:\/\/www.lichtknoten.com\/webblog\/wp-content\/uploads\/2017\/09\/L1001104-1024x684.jpg 1024w, http:\/\/www.lichtknoten.com\/webblog\/wp-content\/uploads\/2017\/09\/L1001104-624x417.jpg 624w\" sizes=\"auto, (max-width: 2500px) 100vw, 2500px\" \/><\/a><p id=\"caption-attachment-2984\" class=\"wp-caption-text\">Was auch immer! Fotografiert mit Leica Leica M und Summilux-M 50 mm @ f\/2.0<\/p><\/div>\n<div id=\"attachment_2983\" style=\"width: 2510px\" class=\"wp-caption aligncenter\"><a href=\"http:\/\/www.lichtknoten.com\/webblog\/?attachment_id=2983\" rel=\"attachment wp-att-2983\"><img loading=\"lazy\" decoding=\"async\" aria-describedby=\"caption-attachment-2983\" class=\"wp-image-2983 size-full\" src=\"http:\/\/www.lichtknoten.com\/webblog\/wp-content\/uploads\/2017\/09\/L1001101.jpg\" alt=\"\" width=\"2500\" height=\"1670\" srcset=\"http:\/\/www.lichtknoten.com\/webblog\/wp-content\/uploads\/2017\/09\/L1001101.jpg 2500w, http:\/\/www.lichtknoten.com\/webblog\/wp-content\/uploads\/2017\/09\/L1001101-300x200.jpg 300w, http:\/\/www.lichtknoten.com\/webblog\/wp-content\/uploads\/2017\/09\/L1001101-768x513.jpg 768w, http:\/\/www.lichtknoten.com\/webblog\/wp-content\/uploads\/2017\/09\/L1001101-1024x684.jpg 1024w, http:\/\/www.lichtknoten.com\/webblog\/wp-content\/uploads\/2017\/09\/L1001101-624x417.jpg 624w\" sizes=\"auto, (max-width: 2500px) 100vw, 2500px\" \/><\/a><p id=\"caption-attachment-2983\" class=\"wp-caption-text\">Fokussiert! Fotografiert mit Leica Leica M und Summilux-M 50 mm @ f\/2.0<\/p><\/div>\n<div id=\"attachment_2986\" style=\"width: 2510px\" class=\"wp-caption aligncenter\"><a href=\"http:\/\/www.lichtknoten.com\/webblog\/?attachment_id=2986\" rel=\"attachment wp-att-2986\"><img loading=\"lazy\" decoding=\"async\" aria-describedby=\"caption-attachment-2986\" class=\"wp-image-2986 size-full\" src=\"http:\/\/www.lichtknoten.com\/webblog\/wp-content\/uploads\/2017\/09\/L1001112.jpg\" alt=\"\" width=\"2500\" height=\"1670\" srcset=\"http:\/\/www.lichtknoten.com\/webblog\/wp-content\/uploads\/2017\/09\/L1001112.jpg 2500w, http:\/\/www.lichtknoten.com\/webblog\/wp-content\/uploads\/2017\/09\/L1001112-300x200.jpg 300w, http:\/\/www.lichtknoten.com\/webblog\/wp-content\/uploads\/2017\/09\/L1001112-768x513.jpg 768w, http:\/\/www.lichtknoten.com\/webblog\/wp-content\/uploads\/2017\/09\/L1001112-1024x684.jpg 1024w, http:\/\/www.lichtknoten.com\/webblog\/wp-content\/uploads\/2017\/09\/L1001112-624x417.jpg 624w\" sizes=\"auto, (max-width: 2500px) 100vw, 2500px\" \/><\/a><p id=\"caption-attachment-2986\" class=\"wp-caption-text\">Seitenstra\u00dfe. Fotografiert mit Leica Leica M und Summilux-M 50 mm @ f\/5.5<\/p><\/div>\n<div id=\"attachment_2987\" style=\"width: 2510px\" class=\"wp-caption aligncenter\"><a href=\"http:\/\/www.lichtknoten.com\/webblog\/?attachment_id=2987\" rel=\"attachment wp-att-2987\"><img loading=\"lazy\" decoding=\"async\" aria-describedby=\"caption-attachment-2987\" class=\"wp-image-2987 size-full\" src=\"http:\/\/www.lichtknoten.com\/webblog\/wp-content\/uploads\/2017\/09\/L1001114.jpg\" alt=\"\" width=\"2500\" height=\"1670\" srcset=\"http:\/\/www.lichtknoten.com\/webblog\/wp-content\/uploads\/2017\/09\/L1001114.jpg 2500w, http:\/\/www.lichtknoten.com\/webblog\/wp-content\/uploads\/2017\/09\/L1001114-300x200.jpg 300w, http:\/\/www.lichtknoten.com\/webblog\/wp-content\/uploads\/2017\/09\/L1001114-768x513.jpg 768w, http:\/\/www.lichtknoten.com\/webblog\/wp-content\/uploads\/2017\/09\/L1001114-1024x684.jpg 1024w, http:\/\/www.lichtknoten.com\/webblog\/wp-content\/uploads\/2017\/09\/L1001114-624x417.jpg 624w\" sizes=\"auto, (max-width: 2500px) 100vw, 2500px\" \/><\/a><p id=\"caption-attachment-2987\" class=\"wp-caption-text\">Erinnerung an bessere Zeiten. Fotografiert mit Leica Leica M und Summilux-M 50 mm @ f\/4.0<\/p><\/div>\n<p>In Summe habe ich in Warschau nur 90 Bilder gemacht. Ausgearbeitet habe ich dann um die 30 und zeigen m\u00f6chte ich euch (in zwei Teilen verteilt) 17 Aufnahmen. Im zweiten Teil werde ich dann auch noch etwas auf die Bearbeitung eingehen.<\/p>\n<p>Alex<\/p>\n","protected":false},"excerpt":{"rendered":"<p>Vor gut zwei Wochen war ich f\u00fcr wenige Tage in Warschau und hatte auch die Gelegenheit ein paar Stunden durch die Stadt zu gehen und zu fotografieren. Entstanden sind eine ganze Reihe von &#8222;zuf\u00e4lligen&#8220; Bildern. Interessant ist dabei, dass ich den Gro\u00dfteil mit dem Summilux-M 50 mm fotografiert habe und dadurch die Ausschnitte deutlicher und [&hellip;]<\/p>\n","protected":false},"author":1,"featured_media":0,"comment_status":"open","ping_status":"open","sticky":false,"template":"","format":"standard","meta":{"_jetpack_memberships_contains_paid_content":false,"footnotes":"","jetpack_publicize_message":"","jetpack_publicize_feature_enabled":true,"jetpack_social_post_already_shared":false,"jetpack_social_options":{"image_generator_settings":{"template":"highway","default_image_id":0,"font":"","enabled":false},"version":2}},"categories":[33,61,15],"tags":[188],"class_list":["post-2999","post","type-post","status-publish","format-standard","hentry","category-leica","category-leica-m-typ-240","category-reisefotografie","tag-warschau"],"jetpack_publicize_connections":[],"jetpack_featured_media_url":"","jetpack_sharing_enabled":true,"_links":{"self":[{"href":"http:\/\/www.lichtknoten.com\/webblog\/index.php?rest_route=\/wp\/v2\/posts\/2999","targetHints":{"allow":["GET"]}}],"collection":[{"href":"http:\/\/www.lichtknoten.com\/webblog\/index.php?rest_route=\/wp\/v2\/posts"}],"about":[{"href":"http:\/\/www.lichtknoten.com\/webblog\/index.php?rest_route=\/wp\/v2\/types\/post"}],"author":[{"embeddable":true,"href":"http:\/\/www.lichtknoten.com\/webblog\/index.php?rest_route=\/wp\/v2\/users\/1"}],"replies":[{"embeddable":true,"href":"http:\/\/www.lichtknoten.com\/webblog\/index.php?rest_route=%2Fwp%2Fv2%2Fcomments&post=2999"}],"version-history":[{"count":1,"href":"http:\/\/www.lichtknoten.com\/webblog\/index.php?rest_route=\/wp\/v2\/posts\/2999\/revisions"}],"predecessor-version":[{"id":3000,"href":"http:\/\/www.lichtknoten.com\/webblog\/index.php?rest_route=\/wp\/v2\/posts\/2999\/revisions\/3000"}],"wp:attachment":[{"href":"http:\/\/www.lichtknoten.com\/webblog\/index.php?rest_route=%2Fwp%2Fv2%2Fmedia&parent=2999"}],"wp:term":[{"taxonomy":"category","embeddable":true,"href":"http:\/\/www.lichtknoten.com\/webblog\/index.php?rest_route=%2Fwp%2Fv2%2Fcategories&post=2999"},{"taxonomy":"post_tag","embeddable":true,"href":"http:\/\/www.lichtknoten.com\/webblog\/index.php?rest_route=%2Fwp%2Fv2%2Ftags&post=2999"}],"curies":[{"name":"wp","href":"https:\/\/api.w.org\/{rel}","templated":true}]}}