{"id":2781,"date":"2016-12-31T08:51:56","date_gmt":"2016-12-31T07:51:56","guid":{"rendered":"http:\/\/www.lichtknoten.com\/webblog\/?p=2781"},"modified":"2016-12-31T08:51:56","modified_gmt":"2016-12-31T07:51:56","slug":"jahresrueckblick-2016","status":"publish","type":"post","link":"http:\/\/www.lichtknoten.com\/webblog\/?p=2781","title":{"rendered":"Jahresr\u00fcckblick 2016"},"content":{"rendered":"<p>Wie in den letzten vier Jahren, m\u00f6chte ich auch dieses Jahr einen kleinen Blick zur\u00fcck wagen und ein Res\u00fcmee zum abgelaufenen Jahr ziehen. Ich m\u00f6chten den R\u00fcckblick wie immer in 3 Teile gliedern:<\/p>\n<ul>\n<li>Technisches<\/li>\n<li>K\u00fcnstlerisches<\/li>\n<li>Pers\u00f6nliches<\/li>\n<\/ul>\n<p><strong>Technisches: <\/strong>Puhhhh, letztes Jahr war ich mir ja nicht sicher, ob es ein spannendes oder ein langweiliges Jahr war; dieses Jahr fand ich es fototechnisch einfach nur zum G\u00e4hnen! Klar, einige interessante Produkte haben das Licht der Welt erblickt (siehe dazu auch meinen <a href=\"http:\/\/www.lichtknoten.com\/webblog\/?p=2713\" target=\"_blank\">Photokina-Bericht<\/a>), aber der gro\u00dfe Wurf war nicht dabei. Warten wir also auf 2017&#8230;und hoffen!<strong><br \/>\n<\/strong><\/p>\n<p><strong>K\u00fcnstlerisches: <\/strong>Welche K\u00fcnstler habe ich neu entdeckt? Da gab es gar nicht mal so viele. Eher w\u00fcrde ich von einer Intensivierung &#8222;bestehender Beziehungen&#8220; sprechen (einen K\u00fcnstler \u00fcber Jahre zu verfolgen und zu studieren f\u00fchrt wirklich zu einer Art Beziehung). Ich mag <a href=\"http:\/\/www.juliabaier.de\/portfolio\/portfolio.html\" target=\"_blank\">Julia Baier<\/a> schon viele Jahre sehr gerne &#8211; ihre Art zu fotografieren und die Welt zu dokumentieren inspiriert mich immer wieder aufs Neue. Um so sch\u00f6ner zu sehen, dass man derzeit immer mehr von ihr zu sehen bekommt (\u00fcber ihre Webseite, div. Medien, etc.). Beeindruckend fand ich auch die Dokumentation von <a href=\"http:\/\/blog.leica-camera.com\/2016\/12\/16\/journey-glasgow-scotland\/\">Colin Templeton \u00fcber Glasgow<\/a>. Beeindruckende Schwarz-Wei\u00df-Aufnahmen &#8211; richtig dunkles Schwarz, gepaart mit \u00fcberragender Lichtstimmung! Und dann war da noch <a href=\"http:\/\/cargocollective.com\/noelloszvald\" target=\"_blank\">Noell Oszvald<\/a>! Wow! Manchmal entdeckt man Fotograf(inn)en die einen einfach nur umhauen &#8211; Noell geh\u00f6rt definitiv dazu. Bei ihren Bilder handelt es sich um Selbstportraits, mit denen sie zeitlose Geschichte erz\u00e4hlen m\u00f6chte. Es lohnt sich einfach mal durch ihren <a href=\"https:\/\/www.flickr.com\/photos\/noellosvald\/\" target=\"_blank\">Flickr-Stream<\/a> zu st\u00f6bern und zu tr\u00e4umen.<\/p>\n<p>Und nat\u00fcrlich habe ich auch mein Lieblingsprojekt weiter verfolgt: <em>\u201c<a href=\"http:\/\/stella-polaris.org\/de\/\" target=\"_blank\">Stella Polaris Ulloriarsuaq \u2013 The Shining Memory Of Mother Earth\u201c<\/a>. <\/em>Das Projekt lebt und entwickelt sich fort und es macht einfach nur Freude zu sehen, welche spannenden Bilder dabei entstehen. Bitte nie aufh\u00f6ren damit!<em><br \/>\n<\/em><\/p>\n<p><strong>Pers\u00f6nliches:<\/strong> In Summe war fotografisch f\u00fcr mich das Jahr 2016 eine Art &#8222;Findungsphase&#8220;. Ich verfolgte nur wenige Projekte und war eher damit besch\u00e4ftigt jede Menge Dinge auszuprobieren. Ich experimentierte vor allem mit den zwei Festbrennweiten 50 und 35 mm, versuchte Langzeitbelichtungen und besch\u00e4ftigte mich viel mit abstrakter Fotografie. Bisher kann ich aber nicht einen neuen Weg oder einen neuen Stil ableiten, aber es zeigt sich langsam wo die Reise in den n\u00e4chsten Jahren hingehen k\u00f6nnte: mehr k\u00fcnstlerische Projekte, weniger &#8222;Abbilden der Welt&#8220;. Zudem m\u00f6chte ich mehr &#8222;Geschichten erz\u00e4hlen&#8220; und daf\u00fcr \u00f6fter auch umfangreichere Serien (mehr als drei Bilder!) machen\/zeigen. Ein erster Schritt daf\u00fcr wird im neuen Jahr die Fertigstellung des Projektes <a href=\"http:\/\/www.lichtknoten.com\/webblog\/?p=2628\" target=\"_blank\">&#8222;A Dash of Sadness&#8220;<\/a> sein (ich hoffe die Serie schon im Januar 2017 zeigen zu k\u00f6nnen). Zudem m\u00f6chte ich meine Kontakte zu anderen Fotografen ausbauen bzw. intensivieren &#8211; ich merke immer mehr, dass die Gespr\u00e4che und Diskussionen \u00fcber Bilder einfach gut tun und der Diskurs mich weiter bringen kann. Und&#8230;ich m\u00f6chte auch meine Polaroid-Kameras wieder mehr nutzen und einsetzen &#8211; die zwei Sch\u00e4tzchen wollen auch mal wieder an die frische Luft. Sehr viele Vors\u00e4tze also! Wenn ich einige davon auch umsetzen kann, sollte es ein gutes Jahr werden. Das Projekt, welches mir 2016 am meisten Spa\u00df gemacht (und mich auch ein klein wenig \u00fcberrascht) hat, war <a href=\"http:\/\/www.lichtknoten.com\/webblog\/?p=2706\" target=\"_blank\">Lichtspuren<\/a>.<\/p>\n<p>Also dann&#8230; auf ein spannendes Jahr 2017!<\/p>\n<p><a href=\"http:\/\/www.lichtknoten.com\/webblog\/?attachment_id=2786\" rel=\"attachment wp-att-2786\"><img loading=\"lazy\" decoding=\"async\" class=\"aligncenter size-full wp-image-2786\" src=\"http:\/\/www.lichtknoten.com\/webblog\/wp-content\/uploads\/2016\/12\/L1000186.jpg\" alt=\"\" width=\"676\" height=\"1012\" srcset=\"http:\/\/www.lichtknoten.com\/webblog\/wp-content\/uploads\/2016\/12\/L1000186.jpg 676w, http:\/\/www.lichtknoten.com\/webblog\/wp-content\/uploads\/2016\/12\/L1000186-200x300.jpg 200w, http:\/\/www.lichtknoten.com\/webblog\/wp-content\/uploads\/2016\/12\/L1000186-624x934.jpg 624w\" sizes=\"auto, (max-width: 676px) 100vw, 676px\" \/><\/a>Jahresr\u00fcckblicke der letzten Jahre:<\/p>\n<ul>\n<li><a href=\"http:\/\/www.lichtknoten.com\/webblog\/?p=2634\" target=\"_blank\">2015<\/a><\/li>\n<li><a href=\"http:\/\/www.lichtknoten.com\/webblog\/?p=2090\" target=\"_blank\">2014<\/a><\/li>\n<li><a href=\"http:\/\/www.lichtknoten.com\/webblog\/?p=1656\" target=\"_blank\">2013<\/a><\/li>\n<li><a href=\"http:\/\/www.lichtknoten.com\/webblog\/?p=1275\" target=\"_blank\">2012<\/a><\/li>\n<\/ul>\n<p>Euer LiK\/Alex<\/p>\n","protected":false},"excerpt":{"rendered":"<p>Wie in den letzten vier Jahren, m\u00f6chte ich auch dieses Jahr einen kleinen Blick zur\u00fcck wagen und ein Res\u00fcmee zum abgelaufenen Jahr ziehen. Ich m\u00f6chten den R\u00fcckblick wie immer in 3 Teile gliedern: Technisches K\u00fcnstlerisches Pers\u00f6nliches Technisches: Puhhhh, letztes Jahr war ich mir ja nicht sicher, ob es ein spannendes oder ein langweiliges Jahr war; [&hellip;]<\/p>\n","protected":false},"author":1,"featured_media":0,"comment_status":"open","ping_status":"open","sticky":false,"template":"","format":"standard","meta":{"_jetpack_memberships_contains_paid_content":false,"footnotes":"","jetpack_publicize_message":"","jetpack_publicize_feature_enabled":true,"jetpack_social_post_already_shared":false,"jetpack_social_options":{"image_generator_settings":{"template":"highway","default_image_id":0,"font":"","enabled":false},"version":2}},"categories":[175],"tags":[176],"class_list":["post-2781","post","type-post","status-publish","format-standard","hentry","category-jahresrueckblick","tag-jahresrueckblick-2016"],"jetpack_publicize_connections":[],"jetpack_featured_media_url":"","jetpack_sharing_enabled":true,"_links":{"self":[{"href":"http:\/\/www.lichtknoten.com\/webblog\/index.php?rest_route=\/wp\/v2\/posts\/2781","targetHints":{"allow":["GET"]}}],"collection":[{"href":"http:\/\/www.lichtknoten.com\/webblog\/index.php?rest_route=\/wp\/v2\/posts"}],"about":[{"href":"http:\/\/www.lichtknoten.com\/webblog\/index.php?rest_route=\/wp\/v2\/types\/post"}],"author":[{"embeddable":true,"href":"http:\/\/www.lichtknoten.com\/webblog\/index.php?rest_route=\/wp\/v2\/users\/1"}],"replies":[{"embeddable":true,"href":"http:\/\/www.lichtknoten.com\/webblog\/index.php?rest_route=%2Fwp%2Fv2%2Fcomments&post=2781"}],"version-history":[{"count":7,"href":"http:\/\/www.lichtknoten.com\/webblog\/index.php?rest_route=\/wp\/v2\/posts\/2781\/revisions"}],"predecessor-version":[{"id":2789,"href":"http:\/\/www.lichtknoten.com\/webblog\/index.php?rest_route=\/wp\/v2\/posts\/2781\/revisions\/2789"}],"wp:attachment":[{"href":"http:\/\/www.lichtknoten.com\/webblog\/index.php?rest_route=%2Fwp%2Fv2%2Fmedia&parent=2781"}],"wp:term":[{"taxonomy":"category","embeddable":true,"href":"http:\/\/www.lichtknoten.com\/webblog\/index.php?rest_route=%2Fwp%2Fv2%2Fcategories&post=2781"},{"taxonomy":"post_tag","embeddable":true,"href":"http:\/\/www.lichtknoten.com\/webblog\/index.php?rest_route=%2Fwp%2Fv2%2Ftags&post=2781"}],"curies":[{"name":"wp","href":"https:\/\/api.w.org\/{rel}","templated":true}]}}