{"id":2758,"date":"2016-12-04T19:09:37","date_gmt":"2016-12-04T18:09:37","guid":{"rendered":"http:\/\/www.lichtknoten.com\/webblog\/?p=2758"},"modified":"2016-12-04T19:09:37","modified_gmt":"2016-12-04T18:09:37","slug":"winterlicht","status":"publish","type":"post","link":"http:\/\/www.lichtknoten.com\/webblog\/?p=2758","title":{"rendered":"Winterlicht&#8230;"},"content":{"rendered":"<p>Es wird Winter! Die Temperaturen sind nun deutlich gesunken, und der Reif sitzt fest an B\u00e4umen, Gr\u00e4sern und Str\u00e4uchern. Zudem steht die Sonne so tief, dass sich auch zu Mittag wunderbare Lichtstimmungen einfangen lassen. Wer sagt denn, dass der Herbst die goldene Zeit ist? Und so habe ich heute den Strauch hinten unserem Haus fotografiert. Nichts Au\u00dfergew\u00f6hnliches, aber doch drei sehr stimmungsvolle Bilder. Alle drei Aufnahmen entstanden mit der Leica M und dem Summilux-M 50 mm bei f\/1.4.<\/p>\n<p><a href=\"http:\/\/www.lichtknoten.com\/webblog\/?attachment_id=2759\" rel=\"attachment wp-att-2759\"><img loading=\"lazy\" decoding=\"async\" class=\"aligncenter size-full wp-image-2759\" src=\"http:\/\/www.lichtknoten.com\/webblog\/wp-content\/uploads\/2016\/12\/L1000092.jpg\" alt=\"l1000092\" width=\"2500\" height=\"1670\" srcset=\"http:\/\/www.lichtknoten.com\/webblog\/wp-content\/uploads\/2016\/12\/L1000092.jpg 2500w, http:\/\/www.lichtknoten.com\/webblog\/wp-content\/uploads\/2016\/12\/L1000092-300x200.jpg 300w, http:\/\/www.lichtknoten.com\/webblog\/wp-content\/uploads\/2016\/12\/L1000092-768x513.jpg 768w, http:\/\/www.lichtknoten.com\/webblog\/wp-content\/uploads\/2016\/12\/L1000092-1024x684.jpg 1024w, http:\/\/www.lichtknoten.com\/webblog\/wp-content\/uploads\/2016\/12\/L1000092-624x417.jpg 624w\" sizes=\"auto, (max-width: 2500px) 100vw, 2500px\" \/><\/a> <a href=\"http:\/\/www.lichtknoten.com\/webblog\/?attachment_id=2761\" rel=\"attachment wp-att-2761\"><img loading=\"lazy\" decoding=\"async\" class=\"aligncenter size-full wp-image-2761\" src=\"http:\/\/www.lichtknoten.com\/webblog\/wp-content\/uploads\/2016\/12\/L1000103.jpg\" alt=\"l1000103\" width=\"2500\" height=\"1671\" srcset=\"http:\/\/www.lichtknoten.com\/webblog\/wp-content\/uploads\/2016\/12\/L1000103.jpg 2500w, http:\/\/www.lichtknoten.com\/webblog\/wp-content\/uploads\/2016\/12\/L1000103-300x201.jpg 300w, http:\/\/www.lichtknoten.com\/webblog\/wp-content\/uploads\/2016\/12\/L1000103-768x513.jpg 768w, http:\/\/www.lichtknoten.com\/webblog\/wp-content\/uploads\/2016\/12\/L1000103-1024x684.jpg 1024w, http:\/\/www.lichtknoten.com\/webblog\/wp-content\/uploads\/2016\/12\/L1000103-624x417.jpg 624w\" sizes=\"auto, (max-width: 2500px) 100vw, 2500px\" \/><\/a> <a href=\"http:\/\/www.lichtknoten.com\/webblog\/?attachment_id=2762\" rel=\"attachment wp-att-2762\"><img loading=\"lazy\" decoding=\"async\" class=\"aligncenter size-full wp-image-2762\" src=\"http:\/\/www.lichtknoten.com\/webblog\/wp-content\/uploads\/2016\/12\/L1000107.jpg\" alt=\"l1000107\" width=\"2500\" height=\"1670\" srcset=\"http:\/\/www.lichtknoten.com\/webblog\/wp-content\/uploads\/2016\/12\/L1000107.jpg 2500w, http:\/\/www.lichtknoten.com\/webblog\/wp-content\/uploads\/2016\/12\/L1000107-300x200.jpg 300w, http:\/\/www.lichtknoten.com\/webblog\/wp-content\/uploads\/2016\/12\/L1000107-768x513.jpg 768w, http:\/\/www.lichtknoten.com\/webblog\/wp-content\/uploads\/2016\/12\/L1000107-1024x684.jpg 1024w, http:\/\/www.lichtknoten.com\/webblog\/wp-content\/uploads\/2016\/12\/L1000107-624x417.jpg 624w\" sizes=\"auto, (max-width: 2500px) 100vw, 2500px\" \/><\/a>Es ging mir nicht darum gewisse Bereiche perfekt scharf abzubilden, sondern die Stimmung dieses wunderbaren Tages sollte eingefangen werden. Wenn es nicht -1\u00b0C h\u00e4tte, k\u00f6nnte man sich vorstellen, wie man mit einem Glas Rotwein in der goldgelben Sonne sitzt und die Stunden genie\u00dft.<\/p>\n<p>Alex<\/p>\n","protected":false},"excerpt":{"rendered":"<p>Es wird Winter! Die Temperaturen sind nun deutlich gesunken, und der Reif sitzt fest an B\u00e4umen, Gr\u00e4sern und Str\u00e4uchern. Zudem steht die Sonne so tief, dass sich auch zu Mittag wunderbare Lichtstimmungen einfangen lassen. Wer sagt denn, dass der Herbst die goldene Zeit ist? Und so habe ich heute den Strauch hinten unserem Haus fotografiert. [&hellip;]<\/p>\n","protected":false},"author":1,"featured_media":0,"comment_status":"open","ping_status":"open","sticky":false,"template":"","format":"standard","meta":{"_jetpack_memberships_contains_paid_content":false,"footnotes":"","jetpack_publicize_message":"","jetpack_publicize_feature_enabled":true,"jetpack_social_post_already_shared":false,"jetpack_social_options":{"image_generator_settings":{"template":"highway","default_image_id":0,"font":"","enabled":false},"version":2}},"categories":[33,61,166],"tags":[],"class_list":["post-2758","post","type-post","status-publish","format-standard","hentry","category-leica","category-leica-m-typ-240","category-muellheim-feldberg"],"jetpack_publicize_connections":[],"jetpack_featured_media_url":"","jetpack_sharing_enabled":true,"_links":{"self":[{"href":"http:\/\/www.lichtknoten.com\/webblog\/index.php?rest_route=\/wp\/v2\/posts\/2758","targetHints":{"allow":["GET"]}}],"collection":[{"href":"http:\/\/www.lichtknoten.com\/webblog\/index.php?rest_route=\/wp\/v2\/posts"}],"about":[{"href":"http:\/\/www.lichtknoten.com\/webblog\/index.php?rest_route=\/wp\/v2\/types\/post"}],"author":[{"embeddable":true,"href":"http:\/\/www.lichtknoten.com\/webblog\/index.php?rest_route=\/wp\/v2\/users\/1"}],"replies":[{"embeddable":true,"href":"http:\/\/www.lichtknoten.com\/webblog\/index.php?rest_route=%2Fwp%2Fv2%2Fcomments&post=2758"}],"version-history":[{"count":1,"href":"http:\/\/www.lichtknoten.com\/webblog\/index.php?rest_route=\/wp\/v2\/posts\/2758\/revisions"}],"predecessor-version":[{"id":2763,"href":"http:\/\/www.lichtknoten.com\/webblog\/index.php?rest_route=\/wp\/v2\/posts\/2758\/revisions\/2763"}],"wp:attachment":[{"href":"http:\/\/www.lichtknoten.com\/webblog\/index.php?rest_route=%2Fwp%2Fv2%2Fmedia&parent=2758"}],"wp:term":[{"taxonomy":"category","embeddable":true,"href":"http:\/\/www.lichtknoten.com\/webblog\/index.php?rest_route=%2Fwp%2Fv2%2Fcategories&post=2758"},{"taxonomy":"post_tag","embeddable":true,"href":"http:\/\/www.lichtknoten.com\/webblog\/index.php?rest_route=%2Fwp%2Fv2%2Ftags&post=2758"}],"curies":[{"name":"wp","href":"https:\/\/api.w.org\/{rel}","templated":true}]}}