{"id":2725,"date":"2016-10-08T14:00:55","date_gmt":"2016-10-08T12:00:55","guid":{"rendered":"http:\/\/www.lichtknoten.com\/webblog\/?p=2725"},"modified":"2016-10-03T17:07:32","modified_gmt":"2016-10-03T15:07:32","slug":"das-ende-der-sonnenblumen","status":"publish","type":"post","link":"http:\/\/www.lichtknoten.com\/webblog\/?p=2725","title":{"rendered":"Das Ende der Sonnenblumen&#8230;"},"content":{"rendered":"<p>Der Herbst ist schon eine seltsame Jahreszeit. Alles verf\u00e4rbt sich, um zu sterben und trotzdem scheint es den Menschen zu gefallen. Oberhalb von Feldberg befindet sich ein kleines Sonnenblumenfeld, welcher derzeit seine letzten Stunden &#8222;verlebt&#8220;. Letzte Woche habe ich von diesem Feld eine kleine Serie gemacht &#8211; einen Auszug davon zeige ich hier. Bei der Bearbeitung der Bilder habe ich den Gelbkanal, vor ich die Schwarz-Wei\u00df-Konvertierung gemacht habe, stark verst\u00e4rkt. Dadurch kommt eine etwas andere Bildwirkung zustande, welche mir aber recht gut gef\u00e4llt.<\/p>\n<div id=\"attachment_2726\" style=\"width: 2510px\" class=\"wp-caption aligncenter\"><a href=\"http:\/\/www.lichtknoten.com\/webblog\/?attachment_id=2726\" rel=\"attachment wp-att-2726\"><img loading=\"lazy\" decoding=\"async\" aria-describedby=\"caption-attachment-2726\" class=\"size-full wp-image-2726\" src=\"http:\/\/www.lichtknoten.com\/webblog\/wp-content\/uploads\/2016\/10\/L1009945.jpg\" alt=\"Sonnenblume #3. Fotografiert mit Leica M und Summicron-M 35 mm @ f\/2.0.\" width=\"2500\" height=\"1670\" srcset=\"http:\/\/www.lichtknoten.com\/webblog\/wp-content\/uploads\/2016\/10\/L1009945.jpg 2500w, http:\/\/www.lichtknoten.com\/webblog\/wp-content\/uploads\/2016\/10\/L1009945-300x200.jpg 300w, http:\/\/www.lichtknoten.com\/webblog\/wp-content\/uploads\/2016\/10\/L1009945-768x513.jpg 768w, http:\/\/www.lichtknoten.com\/webblog\/wp-content\/uploads\/2016\/10\/L1009945-1024x684.jpg 1024w, http:\/\/www.lichtknoten.com\/webblog\/wp-content\/uploads\/2016\/10\/L1009945-624x417.jpg 624w\" sizes=\"auto, (max-width: 2500px) 100vw, 2500px\" \/><\/a><p id=\"caption-attachment-2726\" class=\"wp-caption-text\">Sonnenblume #1. Fotografiert mit Leica M und Summicron-M 35 mm @ f\/2.0.<\/p><\/div>\n<div id=\"attachment_2727\" style=\"width: 2510px\" class=\"wp-caption aligncenter\"><a href=\"http:\/\/www.lichtknoten.com\/webblog\/?attachment_id=2727\" rel=\"attachment wp-att-2727\"><img loading=\"lazy\" decoding=\"async\" aria-describedby=\"caption-attachment-2727\" class=\"size-full wp-image-2727\" src=\"http:\/\/www.lichtknoten.com\/webblog\/wp-content\/uploads\/2016\/10\/L1009946.jpg\" alt=\"Sonnenblume #2. Fotografiert mit Leica M und Summicron-M 35 mm @ f\/2.0.\" width=\"2500\" height=\"1670\" srcset=\"http:\/\/www.lichtknoten.com\/webblog\/wp-content\/uploads\/2016\/10\/L1009946.jpg 2500w, http:\/\/www.lichtknoten.com\/webblog\/wp-content\/uploads\/2016\/10\/L1009946-300x200.jpg 300w, http:\/\/www.lichtknoten.com\/webblog\/wp-content\/uploads\/2016\/10\/L1009946-768x513.jpg 768w, http:\/\/www.lichtknoten.com\/webblog\/wp-content\/uploads\/2016\/10\/L1009946-1024x684.jpg 1024w, http:\/\/www.lichtknoten.com\/webblog\/wp-content\/uploads\/2016\/10\/L1009946-624x417.jpg 624w\" sizes=\"auto, (max-width: 2500px) 100vw, 2500px\" \/><\/a><p id=\"caption-attachment-2727\" class=\"wp-caption-text\">Sonnenblume #2. Fotografiert mit Leica M und Summicron-M 35 mm @ f\/2.0.<\/p><\/div>\n<div id=\"attachment_2728\" style=\"width: 2510px\" class=\"wp-caption aligncenter\"><a href=\"http:\/\/www.lichtknoten.com\/webblog\/?attachment_id=2728\" rel=\"attachment wp-att-2728\"><img loading=\"lazy\" decoding=\"async\" aria-describedby=\"caption-attachment-2728\" class=\"size-full wp-image-2728\" src=\"http:\/\/www.lichtknoten.com\/webblog\/wp-content\/uploads\/2016\/10\/L1009947.jpg\" alt=\"Sonnenblume #1. Fotografiert mit Leica M und Summicron-M 35 mm @ f\/2.0.\" width=\"2500\" height=\"1670\" srcset=\"http:\/\/www.lichtknoten.com\/webblog\/wp-content\/uploads\/2016\/10\/L1009947.jpg 2500w, http:\/\/www.lichtknoten.com\/webblog\/wp-content\/uploads\/2016\/10\/L1009947-300x200.jpg 300w, http:\/\/www.lichtknoten.com\/webblog\/wp-content\/uploads\/2016\/10\/L1009947-768x513.jpg 768w, http:\/\/www.lichtknoten.com\/webblog\/wp-content\/uploads\/2016\/10\/L1009947-1024x684.jpg 1024w, http:\/\/www.lichtknoten.com\/webblog\/wp-content\/uploads\/2016\/10\/L1009947-624x417.jpg 624w\" sizes=\"auto, (max-width: 2500px) 100vw, 2500px\" \/><\/a><p id=\"caption-attachment-2728\" class=\"wp-caption-text\">Sonnenblume #3. Fotografiert mit Leica M und Summicron-M 35 mm @ f\/2.0.<\/p><\/div>\n<p>Wie ihr seht sind alle Bilder mit dem Summicron-M 35 mm bei offener Blende (f\/2.0) gemacht. Die tief stehende Sonne erzeugt ein sehr weiches (fast weichzeichnendes) Licht. Ich denke dieser Herbst wird wunderbar!<\/p>\n<p>Alex<\/p>\n","protected":false},"excerpt":{"rendered":"<p>Der Herbst ist schon eine seltsame Jahreszeit. Alles verf\u00e4rbt sich, um zu sterben und trotzdem scheint es den Menschen zu gefallen. Oberhalb von Feldberg befindet sich ein kleines Sonnenblumenfeld, welcher derzeit seine letzten Stunden &#8222;verlebt&#8220;. Letzte Woche habe ich von diesem Feld eine kleine Serie gemacht &#8211; einen Auszug davon zeige ich hier. Bei der [&hellip;]<\/p>\n","protected":false},"author":1,"featured_media":0,"comment_status":"open","ping_status":"open","sticky":false,"template":"","format":"standard","meta":{"_jetpack_memberships_contains_paid_content":false,"footnotes":"","jetpack_publicize_message":"","jetpack_publicize_feature_enabled":true,"jetpack_social_post_already_shared":false,"jetpack_social_options":{"image_generator_settings":{"template":"highway","default_image_id":0,"font":"","enabled":false},"version":2}},"categories":[33,61,166],"tags":[171],"class_list":["post-2725","post","type-post","status-publish","format-standard","hentry","category-leica","category-leica-m-typ-240","category-muellheim-feldberg","tag-sonnenblume"],"jetpack_publicize_connections":[],"jetpack_featured_media_url":"","jetpack_sharing_enabled":true,"_links":{"self":[{"href":"http:\/\/www.lichtknoten.com\/webblog\/index.php?rest_route=\/wp\/v2\/posts\/2725","targetHints":{"allow":["GET"]}}],"collection":[{"href":"http:\/\/www.lichtknoten.com\/webblog\/index.php?rest_route=\/wp\/v2\/posts"}],"about":[{"href":"http:\/\/www.lichtknoten.com\/webblog\/index.php?rest_route=\/wp\/v2\/types\/post"}],"author":[{"embeddable":true,"href":"http:\/\/www.lichtknoten.com\/webblog\/index.php?rest_route=\/wp\/v2\/users\/1"}],"replies":[{"embeddable":true,"href":"http:\/\/www.lichtknoten.com\/webblog\/index.php?rest_route=%2Fwp%2Fv2%2Fcomments&post=2725"}],"version-history":[{"count":1,"href":"http:\/\/www.lichtknoten.com\/webblog\/index.php?rest_route=\/wp\/v2\/posts\/2725\/revisions"}],"predecessor-version":[{"id":2729,"href":"http:\/\/www.lichtknoten.com\/webblog\/index.php?rest_route=\/wp\/v2\/posts\/2725\/revisions\/2729"}],"wp:attachment":[{"href":"http:\/\/www.lichtknoten.com\/webblog\/index.php?rest_route=%2Fwp%2Fv2%2Fmedia&parent=2725"}],"wp:term":[{"taxonomy":"category","embeddable":true,"href":"http:\/\/www.lichtknoten.com\/webblog\/index.php?rest_route=%2Fwp%2Fv2%2Fcategories&post=2725"},{"taxonomy":"post_tag","embeddable":true,"href":"http:\/\/www.lichtknoten.com\/webblog\/index.php?rest_route=%2Fwp%2Fv2%2Ftags&post=2725"}],"curies":[{"name":"wp","href":"https:\/\/api.w.org\/{rel}","templated":true}]}}