{"id":2658,"date":"2016-03-12T16:30:13","date_gmt":"2016-03-12T15:30:13","guid":{"rendered":"http:\/\/www.lichtknoten.com\/webblog\/?p=2658"},"modified":"2016-03-12T16:30:13","modified_gmt":"2016-03-12T15:30:13","slug":"fluechtige-landschaften","status":"publish","type":"post","link":"http:\/\/www.lichtknoten.com\/webblog\/?p=2658","title":{"rendered":"Fl\u00fcchtige Landschaften&#8230;"},"content":{"rendered":"<p>Da nimmt man sich so viel vor, und dann kommt alles anders. In den letzten Wochen hatte ich leider kaum Zeit meine Kamera in die Hand zu nehmen. Ich war viel unterwegs und auch privat war da einiges los. Und so sa\u00df ich oft im Zug oder Bus und beobachtete wie die Landschaft an mir vorbeizog. Ich habe lange \u00fcberlegt, ob ich diese Bilder \u00fcberhaupt zeigen soll, tue es jetzt aber einfach. Irgendwie sind sie mir ans Herz gewachsen, auch weil sie die ersten zwei Monate des neuen Jahr so gut beschreiben!<\/p>\n<p><a href=\"http:\/\/www.lichtknoten.com\/webblog\/?attachment_id=2662\" rel=\"attachment wp-att-2662\"><img loading=\"lazy\" decoding=\"async\" class=\"aligncenter size-full wp-image-2662\" src=\"http:\/\/www.lichtknoten.com\/webblog\/wp-content\/uploads\/2016\/03\/01.jpg\" alt=\"01\" width=\"2500\" height=\"1667\" srcset=\"http:\/\/www.lichtknoten.com\/webblog\/wp-content\/uploads\/2016\/03\/01.jpg 2500w, http:\/\/www.lichtknoten.com\/webblog\/wp-content\/uploads\/2016\/03\/01-300x200.jpg 300w, http:\/\/www.lichtknoten.com\/webblog\/wp-content\/uploads\/2016\/03\/01-768x512.jpg 768w, http:\/\/www.lichtknoten.com\/webblog\/wp-content\/uploads\/2016\/03\/01-1024x683.jpg 1024w, http:\/\/www.lichtknoten.com\/webblog\/wp-content\/uploads\/2016\/03\/01-624x416.jpg 624w\" sizes=\"auto, (max-width: 2500px) 100vw, 2500px\" \/><\/a> <a href=\"http:\/\/www.lichtknoten.com\/webblog\/?attachment_id=2663\" rel=\"attachment wp-att-2663\"><img loading=\"lazy\" decoding=\"async\" class=\"aligncenter size-full wp-image-2663\" src=\"http:\/\/www.lichtknoten.com\/webblog\/wp-content\/uploads\/2016\/03\/02.jpg\" alt=\"02\" width=\"2500\" height=\"1667\" srcset=\"http:\/\/www.lichtknoten.com\/webblog\/wp-content\/uploads\/2016\/03\/02.jpg 2500w, http:\/\/www.lichtknoten.com\/webblog\/wp-content\/uploads\/2016\/03\/02-300x200.jpg 300w, http:\/\/www.lichtknoten.com\/webblog\/wp-content\/uploads\/2016\/03\/02-768x512.jpg 768w, http:\/\/www.lichtknoten.com\/webblog\/wp-content\/uploads\/2016\/03\/02-1024x683.jpg 1024w, http:\/\/www.lichtknoten.com\/webblog\/wp-content\/uploads\/2016\/03\/02-624x416.jpg 624w\" sizes=\"auto, (max-width: 2500px) 100vw, 2500px\" \/><\/a><a href=\"http:\/\/www.lichtknoten.com\/webblog\/?attachment_id=2664\" rel=\"attachment wp-att-2664\"><img loading=\"lazy\" decoding=\"async\" class=\"aligncenter size-full wp-image-2664\" src=\"http:\/\/www.lichtknoten.com\/webblog\/wp-content\/uploads\/2016\/03\/03.jpg\" alt=\"03\" width=\"2500\" height=\"1667\" srcset=\"http:\/\/www.lichtknoten.com\/webblog\/wp-content\/uploads\/2016\/03\/03.jpg 2500w, http:\/\/www.lichtknoten.com\/webblog\/wp-content\/uploads\/2016\/03\/03-300x200.jpg 300w, http:\/\/www.lichtknoten.com\/webblog\/wp-content\/uploads\/2016\/03\/03-768x512.jpg 768w, http:\/\/www.lichtknoten.com\/webblog\/wp-content\/uploads\/2016\/03\/03-1024x683.jpg 1024w, http:\/\/www.lichtknoten.com\/webblog\/wp-content\/uploads\/2016\/03\/03-624x416.jpg 624w\" sizes=\"auto, (max-width: 2500px) 100vw, 2500px\" \/><\/a>Aufgenommen sind alle Bilder mit dem Smartphone &#8211; einfach draufgehalten und abgedr\u00fcckt!<\/p>\n<p>Alex<\/p>\n","protected":false},"excerpt":{"rendered":"<p>Da nimmt man sich so viel vor, und dann kommt alles anders. In den letzten Wochen hatte ich leider kaum Zeit meine Kamera in die Hand zu nehmen. Ich war viel unterwegs und auch privat war da einiges los. Und so sa\u00df ich oft im Zug oder Bus und beobachtete wie die Landschaft an mir [&hellip;]<\/p>\n","protected":false},"author":1,"featured_media":0,"comment_status":"open","ping_status":"open","sticky":false,"template":"","format":"standard","meta":{"_jetpack_memberships_contains_paid_content":false,"footnotes":"","jetpack_publicize_message":"","jetpack_publicize_feature_enabled":true,"jetpack_social_post_already_shared":false,"jetpack_social_options":{"image_generator_settings":{"template":"highway","default_image_id":0,"font":"","enabled":false},"version":2}},"categories":[15],"tags":[],"class_list":["post-2658","post","type-post","status-publish","format-standard","hentry","category-reisefotografie"],"jetpack_publicize_connections":[],"jetpack_featured_media_url":"","jetpack_sharing_enabled":true,"_links":{"self":[{"href":"http:\/\/www.lichtknoten.com\/webblog\/index.php?rest_route=\/wp\/v2\/posts\/2658","targetHints":{"allow":["GET"]}}],"collection":[{"href":"http:\/\/www.lichtknoten.com\/webblog\/index.php?rest_route=\/wp\/v2\/posts"}],"about":[{"href":"http:\/\/www.lichtknoten.com\/webblog\/index.php?rest_route=\/wp\/v2\/types\/post"}],"author":[{"embeddable":true,"href":"http:\/\/www.lichtknoten.com\/webblog\/index.php?rest_route=\/wp\/v2\/users\/1"}],"replies":[{"embeddable":true,"href":"http:\/\/www.lichtknoten.com\/webblog\/index.php?rest_route=%2Fwp%2Fv2%2Fcomments&post=2658"}],"version-history":[{"count":2,"href":"http:\/\/www.lichtknoten.com\/webblog\/index.php?rest_route=\/wp\/v2\/posts\/2658\/revisions"}],"predecessor-version":[{"id":2665,"href":"http:\/\/www.lichtknoten.com\/webblog\/index.php?rest_route=\/wp\/v2\/posts\/2658\/revisions\/2665"}],"wp:attachment":[{"href":"http:\/\/www.lichtknoten.com\/webblog\/index.php?rest_route=%2Fwp%2Fv2%2Fmedia&parent=2658"}],"wp:term":[{"taxonomy":"category","embeddable":true,"href":"http:\/\/www.lichtknoten.com\/webblog\/index.php?rest_route=%2Fwp%2Fv2%2Fcategories&post=2658"},{"taxonomy":"post_tag","embeddable":true,"href":"http:\/\/www.lichtknoten.com\/webblog\/index.php?rest_route=%2Fwp%2Fv2%2Ftags&post=2658"}],"curies":[{"name":"wp","href":"https:\/\/api.w.org\/{rel}","templated":true}]}}