{"id":2620,"date":"2015-11-28T14:00:08","date_gmt":"2015-11-28T13:00:08","guid":{"rendered":"http:\/\/www.lichtknoten.com\/webblog\/?p=2620"},"modified":"2015-11-21T16:15:04","modified_gmt":"2015-11-21T15:15:04","slug":"schattengebilde","status":"publish","type":"post","link":"http:\/\/www.lichtknoten.com\/webblog\/?p=2620","title":{"rendered":"Schattengebilde&#8230;"},"content":{"rendered":"<p>Der Herbst war heuer ja schon unglaublich. Soviel Sonne, soviel W\u00e4rme. Da muss man einfach die bunten B\u00e4ume und das sch\u00f6ne Laub fotografieren. Oder doch einfach nur ein paar Schatten am Boden &#8211; in Schwarz-Wei\u00df?<\/p>\n<div id=\"attachment_2621\" style=\"width: 2510px\" class=\"wp-caption aligncenter\"><a href=\"http:\/\/www.lichtknoten.com\/webblog\/?attachment_id=2621\" rel=\"attachment wp-att-2621\"><img loading=\"lazy\" decoding=\"async\" aria-describedby=\"caption-attachment-2621\" class=\"wp-image-2621 size-full\" src=\"http:\/\/www.lichtknoten.com\/webblog\/wp-content\/uploads\/2015\/11\/L1009447.jpg\" alt=\"L1009447\" width=\"2500\" height=\"1670\" srcset=\"http:\/\/www.lichtknoten.com\/webblog\/wp-content\/uploads\/2015\/11\/L1009447.jpg 2500w, http:\/\/www.lichtknoten.com\/webblog\/wp-content\/uploads\/2015\/11\/L1009447-300x200.jpg 300w, http:\/\/www.lichtknoten.com\/webblog\/wp-content\/uploads\/2015\/11\/L1009447-1024x684.jpg 1024w, http:\/\/www.lichtknoten.com\/webblog\/wp-content\/uploads\/2015\/11\/L1009447-624x417.jpg 624w\" sizes=\"auto, (max-width: 2500px) 100vw, 2500px\" \/><\/a><p id=\"caption-attachment-2621\" class=\"wp-caption-text\">Schattengebilde I. Fotografiert mit Leica M und Summilux-M 50 mm @ f\/4.0<\/p><\/div>\n<div id=\"attachment_2622\" style=\"width: 2510px\" class=\"wp-caption aligncenter\"><a href=\"http:\/\/www.lichtknoten.com\/webblog\/?attachment_id=2622\" rel=\"attachment wp-att-2622\"><img loading=\"lazy\" decoding=\"async\" aria-describedby=\"caption-attachment-2622\" class=\"wp-image-2622 size-full\" src=\"http:\/\/www.lichtknoten.com\/webblog\/wp-content\/uploads\/2015\/11\/L1009448.jpg\" alt=\"L1009448\" width=\"2500\" height=\"1670\" srcset=\"http:\/\/www.lichtknoten.com\/webblog\/wp-content\/uploads\/2015\/11\/L1009448.jpg 2500w, http:\/\/www.lichtknoten.com\/webblog\/wp-content\/uploads\/2015\/11\/L1009448-300x200.jpg 300w, http:\/\/www.lichtknoten.com\/webblog\/wp-content\/uploads\/2015\/11\/L1009448-1024x684.jpg 1024w, http:\/\/www.lichtknoten.com\/webblog\/wp-content\/uploads\/2015\/11\/L1009448-624x417.jpg 624w\" sizes=\"auto, (max-width: 2500px) 100vw, 2500px\" \/><\/a><p id=\"caption-attachment-2622\" class=\"wp-caption-text\">Schattengebilde II. Fotografiert mit Leica M und Summilux-M 50 mm @ f\/4.0<\/p><\/div>\n<div id=\"attachment_2623\" style=\"width: 2510px\" class=\"wp-caption aligncenter\"><a href=\"http:\/\/www.lichtknoten.com\/webblog\/?attachment_id=2623\" rel=\"attachment wp-att-2623\"><img loading=\"lazy\" decoding=\"async\" aria-describedby=\"caption-attachment-2623\" class=\"wp-image-2623 size-full\" src=\"http:\/\/www.lichtknoten.com\/webblog\/wp-content\/uploads\/2015\/11\/L1009449.jpg\" alt=\"L1009449\" width=\"2500\" height=\"1670\" srcset=\"http:\/\/www.lichtknoten.com\/webblog\/wp-content\/uploads\/2015\/11\/L1009449.jpg 2500w, http:\/\/www.lichtknoten.com\/webblog\/wp-content\/uploads\/2015\/11\/L1009449-300x200.jpg 300w, http:\/\/www.lichtknoten.com\/webblog\/wp-content\/uploads\/2015\/11\/L1009449-1024x684.jpg 1024w, http:\/\/www.lichtknoten.com\/webblog\/wp-content\/uploads\/2015\/11\/L1009449-624x417.jpg 624w\" sizes=\"auto, (max-width: 2500px) 100vw, 2500px\" \/><\/a><p id=\"caption-attachment-2623\" class=\"wp-caption-text\">Schattengebilde III. Fotografiert mit Leica M und Summilux-M 50 mm @ f\/4.0<\/p><\/div>\n","protected":false},"excerpt":{"rendered":"<p>Der Herbst war heuer ja schon unglaublich. Soviel Sonne, soviel W\u00e4rme. Da muss man einfach die bunten B\u00e4ume und das sch\u00f6ne Laub fotografieren. Oder doch einfach nur ein paar Schatten am Boden &#8211; in Schwarz-Wei\u00df?<\/p>\n","protected":false},"author":1,"featured_media":0,"comment_status":"open","ping_status":"open","sticky":false,"template":"","format":"standard","meta":{"_jetpack_memberships_contains_paid_content":false,"footnotes":"","jetpack_publicize_message":"","jetpack_publicize_feature_enabled":true,"jetpack_social_post_already_shared":false,"jetpack_social_options":{"image_generator_settings":{"template":"highway","default_image_id":0,"font":"","enabled":false},"version":2}},"categories":[33,61],"tags":[],"class_list":["post-2620","post","type-post","status-publish","format-standard","hentry","category-leica","category-leica-m-typ-240"],"jetpack_publicize_connections":[],"jetpack_featured_media_url":"","jetpack_sharing_enabled":true,"_links":{"self":[{"href":"http:\/\/www.lichtknoten.com\/webblog\/index.php?rest_route=\/wp\/v2\/posts\/2620","targetHints":{"allow":["GET"]}}],"collection":[{"href":"http:\/\/www.lichtknoten.com\/webblog\/index.php?rest_route=\/wp\/v2\/posts"}],"about":[{"href":"http:\/\/www.lichtknoten.com\/webblog\/index.php?rest_route=\/wp\/v2\/types\/post"}],"author":[{"embeddable":true,"href":"http:\/\/www.lichtknoten.com\/webblog\/index.php?rest_route=\/wp\/v2\/users\/1"}],"replies":[{"embeddable":true,"href":"http:\/\/www.lichtknoten.com\/webblog\/index.php?rest_route=%2Fwp%2Fv2%2Fcomments&post=2620"}],"version-history":[{"count":3,"href":"http:\/\/www.lichtknoten.com\/webblog\/index.php?rest_route=\/wp\/v2\/posts\/2620\/revisions"}],"predecessor-version":[{"id":2626,"href":"http:\/\/www.lichtknoten.com\/webblog\/index.php?rest_route=\/wp\/v2\/posts\/2620\/revisions\/2626"}],"wp:attachment":[{"href":"http:\/\/www.lichtknoten.com\/webblog\/index.php?rest_route=%2Fwp%2Fv2%2Fmedia&parent=2620"}],"wp:term":[{"taxonomy":"category","embeddable":true,"href":"http:\/\/www.lichtknoten.com\/webblog\/index.php?rest_route=%2Fwp%2Fv2%2Fcategories&post=2620"},{"taxonomy":"post_tag","embeddable":true,"href":"http:\/\/www.lichtknoten.com\/webblog\/index.php?rest_route=%2Fwp%2Fv2%2Ftags&post=2620"}],"curies":[{"name":"wp","href":"https:\/\/api.w.org\/{rel}","templated":true}]}}