{"id":2601,"date":"2015-11-07T18:09:40","date_gmt":"2015-11-07T17:09:40","guid":{"rendered":"http:\/\/www.lichtknoten.com\/webblog\/?p=2601"},"modified":"2015-11-07T18:11:00","modified_gmt":"2015-11-07T17:11:00","slug":"das-dach-freiburgs","status":"publish","type":"post","link":"http:\/\/www.lichtknoten.com\/webblog\/?p=2601","title":{"rendered":"Das Dach Freiburgs"},"content":{"rendered":"<p>Es gibt in Freiburg nur wenige Bauten, die so umstritten sind wie das Konzerthaus (die neue Uni-Bibliothek mal ausgenommen). Der Bau polarisierte in den sp\u00e4ten 90ern und zieht noch immer die Aufmerksamkeit auf sich. Da ich schon mehrmals im Konzerthaus (beruflich) Platz nehmen durfte, kenne ich den Bau inzwischen recht gut. Trotzdem wurde es Zeit, sich mit der Dachkonstruktion (ohne jeden Zweifel der auff\u00e4lligste Teil des Geb\u00e4udes) etwas n\u00e4her zu befassen.<\/p>\n<p>Entstanden sind eine ganze Reihe von Bildern, drei davon m\u00f6chte ich euch zeigen. Die Bildsprache bewusst minimiert, auf Schwarz-Wei\u00df reduziert und immer nur einen kleinen Ausschnitt darstellend.<\/p>\n<div id=\"attachment_2602\" style=\"width: 2010px\" class=\"wp-caption aligncenter\"><a href=\"http:\/\/www.lichtknoten.com\/webblog\/?attachment_id=2602\" rel=\"attachment wp-att-2602\"><img loading=\"lazy\" decoding=\"async\" aria-describedby=\"caption-attachment-2602\" class=\"wp-image-2602 size-full\" src=\"http:\/\/www.lichtknoten.com\/webblog\/wp-content\/uploads\/2015\/11\/L1009415.jpg\" alt=\"L1009415\" width=\"2000\" height=\"1336\" srcset=\"http:\/\/www.lichtknoten.com\/webblog\/wp-content\/uploads\/2015\/11\/L1009415.jpg 2000w, http:\/\/www.lichtknoten.com\/webblog\/wp-content\/uploads\/2015\/11\/L1009415-300x200.jpg 300w, http:\/\/www.lichtknoten.com\/webblog\/wp-content\/uploads\/2015\/11\/L1009415-1024x684.jpg 1024w, http:\/\/www.lichtknoten.com\/webblog\/wp-content\/uploads\/2015\/11\/L1009415-624x417.jpg 624w\" sizes=\"auto, (max-width: 2000px) 100vw, 2000px\" \/><\/a><p id=\"caption-attachment-2602\" class=\"wp-caption-text\">Das Dach Freiburgs I. Fotografiert mit Leica M und Super-Elmar-M 21 mm @ f\/8.0.<\/p><\/div>\n<div id=\"attachment_2603\" style=\"width: 1977px\" class=\"wp-caption aligncenter\"><a href=\"http:\/\/www.lichtknoten.com\/webblog\/?attachment_id=2603\" rel=\"attachment wp-att-2603\"><img loading=\"lazy\" decoding=\"async\" aria-describedby=\"caption-attachment-2603\" class=\"wp-image-2603 size-full\" src=\"http:\/\/www.lichtknoten.com\/webblog\/wp-content\/uploads\/2015\/11\/L1009421_01.jpg\" alt=\"L1009421_01\" width=\"1967\" height=\"1313\" srcset=\"http:\/\/www.lichtknoten.com\/webblog\/wp-content\/uploads\/2015\/11\/L1009421_01.jpg 1967w, http:\/\/www.lichtknoten.com\/webblog\/wp-content\/uploads\/2015\/11\/L1009421_01-300x200.jpg 300w, http:\/\/www.lichtknoten.com\/webblog\/wp-content\/uploads\/2015\/11\/L1009421_01-1024x684.jpg 1024w, http:\/\/www.lichtknoten.com\/webblog\/wp-content\/uploads\/2015\/11\/L1009421_01-624x417.jpg 624w\" sizes=\"auto, (max-width: 1967px) 100vw, 1967px\" \/><\/a><p id=\"caption-attachment-2603\" class=\"wp-caption-text\">Das Dach Freiburgs II. Fotografiert mit Leica M und Super-Elmar-M 21 mm @ f\/8.0.<\/p><\/div>\n<div id=\"attachment_2605\" style=\"width: 2010px\" class=\"wp-caption aligncenter\"><a href=\"http:\/\/www.lichtknoten.com\/webblog\/?attachment_id=2605\" rel=\"attachment wp-att-2605\"><img loading=\"lazy\" decoding=\"async\" aria-describedby=\"caption-attachment-2605\" class=\"wp-image-2605 size-full\" src=\"http:\/\/www.lichtknoten.com\/webblog\/wp-content\/uploads\/2015\/11\/L1009438.jpg\" alt=\"L1009438\" width=\"2000\" height=\"1336\" srcset=\"http:\/\/www.lichtknoten.com\/webblog\/wp-content\/uploads\/2015\/11\/L1009438.jpg 2000w, http:\/\/www.lichtknoten.com\/webblog\/wp-content\/uploads\/2015\/11\/L1009438-300x200.jpg 300w, http:\/\/www.lichtknoten.com\/webblog\/wp-content\/uploads\/2015\/11\/L1009438-1024x684.jpg 1024w, http:\/\/www.lichtknoten.com\/webblog\/wp-content\/uploads\/2015\/11\/L1009438-624x417.jpg 624w\" sizes=\"auto, (max-width: 2000px) 100vw, 2000px\" \/><\/a><p id=\"caption-attachment-2605\" class=\"wp-caption-text\">Das Dach Freiburgs III. Fotografiert mit Leica M und Summilux-M 50 mm @ f\/8.0.<\/p><\/div>\n<p>Ich m\u00fche mich \u00fcbrigens schon seit \u00fcber 2 Jahren an diesem Objekt ab. Immer wieder versuchte ich Bilder zu machen, versuchte unterschiedliche Blickwinkel aus, aber nie gelang mir eine Perspektive die mich wirklich zufrieden stellte. Auch heute war ich wieder dort &#8211; probierte und probierte und probierte &#8230; und bin endlich (einigerma\u00dfen) zufrieden. Trotzdem m\u00f6chte ich mich mit dem Objekt noch weiter besch\u00e4ftigen und wer wei\u00df, vielleicht wird ja ein ganzes Projekt daraus.<\/p>\n<p>Alex<\/p>\n","protected":false},"excerpt":{"rendered":"<p>Es gibt in Freiburg nur wenige Bauten, die so umstritten sind wie das Konzerthaus (die neue Uni-Bibliothek mal ausgenommen). Der Bau polarisierte in den sp\u00e4ten 90ern und zieht noch immer die Aufmerksamkeit auf sich. Da ich schon mehrmals im Konzerthaus (beruflich) Platz nehmen durfte, kenne ich den Bau inzwischen recht gut. Trotzdem wurde es Zeit, [&hellip;]<\/p>\n","protected":false},"author":1,"featured_media":0,"comment_status":"open","ping_status":"open","sticky":false,"template":"","format":"standard","meta":{"_jetpack_memberships_contains_paid_content":false,"footnotes":"","jetpack_publicize_message":"","jetpack_publicize_feature_enabled":true,"jetpack_social_post_already_shared":false,"jetpack_social_options":{"image_generator_settings":{"template":"highway","default_image_id":0,"font":"","enabled":false},"version":2}},"categories":[36,33,61],"tags":[151,157,95,152],"class_list":["post-2601","post","type-post","status-publish","format-standard","hentry","category-freiburg","category-leica","category-leica-m-typ-240","tag-freiburg","tag-konzerthaus-freiburg","tag-leica-m","tag-leica-m-typ-240"],"jetpack_publicize_connections":[],"jetpack_featured_media_url":"","jetpack_sharing_enabled":true,"_links":{"self":[{"href":"http:\/\/www.lichtknoten.com\/webblog\/index.php?rest_route=\/wp\/v2\/posts\/2601","targetHints":{"allow":["GET"]}}],"collection":[{"href":"http:\/\/www.lichtknoten.com\/webblog\/index.php?rest_route=\/wp\/v2\/posts"}],"about":[{"href":"http:\/\/www.lichtknoten.com\/webblog\/index.php?rest_route=\/wp\/v2\/types\/post"}],"author":[{"embeddable":true,"href":"http:\/\/www.lichtknoten.com\/webblog\/index.php?rest_route=\/wp\/v2\/users\/1"}],"replies":[{"embeddable":true,"href":"http:\/\/www.lichtknoten.com\/webblog\/index.php?rest_route=%2Fwp%2Fv2%2Fcomments&post=2601"}],"version-history":[{"count":3,"href":"http:\/\/www.lichtknoten.com\/webblog\/index.php?rest_route=\/wp\/v2\/posts\/2601\/revisions"}],"predecessor-version":[{"id":2608,"href":"http:\/\/www.lichtknoten.com\/webblog\/index.php?rest_route=\/wp\/v2\/posts\/2601\/revisions\/2608"}],"wp:attachment":[{"href":"http:\/\/www.lichtknoten.com\/webblog\/index.php?rest_route=%2Fwp%2Fv2%2Fmedia&parent=2601"}],"wp:term":[{"taxonomy":"category","embeddable":true,"href":"http:\/\/www.lichtknoten.com\/webblog\/index.php?rest_route=%2Fwp%2Fv2%2Fcategories&post=2601"},{"taxonomy":"post_tag","embeddable":true,"href":"http:\/\/www.lichtknoten.com\/webblog\/index.php?rest_route=%2Fwp%2Fv2%2Ftags&post=2601"}],"curies":[{"name":"wp","href":"https:\/\/api.w.org\/{rel}","templated":true}]}}