{"id":2588,"date":"2015-11-01T15:13:31","date_gmt":"2015-11-01T14:13:31","guid":{"rendered":"http:\/\/www.lichtknoten.com\/webblog\/?p=2588"},"modified":"2015-11-01T15:32:47","modified_gmt":"2015-11-01T14:32:47","slug":"r2o1b-der-herbst-mit-21-mm","status":"publish","type":"post","link":"http:\/\/www.lichtknoten.com\/webblog\/?p=2588","title":{"rendered":"R2O1B &#8211; Der Herbst mit 21 mm"},"content":{"rendered":"<p>Manchmal braucht man einfach einen Tritt in den Hintern! Mein 21 mm wird ja nur sehr selten verwendet, was weniger an der Brennweite liegt, sondern viel mehr an der Liebe zu meinen zwei anderen Brennweiten: 35 und 50 mm. Und so wurde ich erst durch Rob animiert, doch endlich auch mal das 21er &#8222;ran zu schnallen&#8220; und los zuziehen. Projekt &#8222;R2O1B&#8220; wurde also gestartet!<\/p>\n<div id=\"attachment_2590\" style=\"width: 2510px\" class=\"wp-caption aligncenter\"><a href=\"http:\/\/www.lichtknoten.com\/webblog\/?attachment_id=2590\" rel=\"attachment wp-att-2590\"><img loading=\"lazy\" decoding=\"async\" aria-describedby=\"caption-attachment-2590\" class=\"wp-image-2590 size-full\" src=\"http:\/\/www.lichtknoten.com\/webblog\/wp-content\/uploads\/2015\/11\/L1009354_01.jpg\" alt=\"L1009354_01\" width=\"2500\" height=\"1670\" srcset=\"http:\/\/www.lichtknoten.com\/webblog\/wp-content\/uploads\/2015\/11\/L1009354_01.jpg 2500w, http:\/\/www.lichtknoten.com\/webblog\/wp-content\/uploads\/2015\/11\/L1009354_01-300x200.jpg 300w, http:\/\/www.lichtknoten.com\/webblog\/wp-content\/uploads\/2015\/11\/L1009354_01-1024x684.jpg 1024w, http:\/\/www.lichtknoten.com\/webblog\/wp-content\/uploads\/2015\/11\/L1009354_01-624x417.jpg 624w\" sizes=\"auto, (max-width: 2500px) 100vw, 2500px\" \/><\/a><p id=\"caption-attachment-2590\" class=\"wp-caption-text\">Herbst bedeutet Hochspannung f\u00fcr die Farben! Fotografiert mit Leica Super-Elmar 21 mm @ f\/3.4 mm.<\/p><\/div>\n<div id=\"attachment_2591\" style=\"width: 2510px\" class=\"wp-caption aligncenter\"><a href=\"http:\/\/www.lichtknoten.com\/webblog\/?attachment_id=2591\" rel=\"attachment wp-att-2591\"><img loading=\"lazy\" decoding=\"async\" aria-describedby=\"caption-attachment-2591\" class=\"wp-image-2591 size-full\" src=\"http:\/\/www.lichtknoten.com\/webblog\/wp-content\/uploads\/2015\/11\/L1009356.jpg\" alt=\"L1009356\" width=\"2500\" height=\"1669\" srcset=\"http:\/\/www.lichtknoten.com\/webblog\/wp-content\/uploads\/2015\/11\/L1009356.jpg 2500w, http:\/\/www.lichtknoten.com\/webblog\/wp-content\/uploads\/2015\/11\/L1009356-300x200.jpg 300w, http:\/\/www.lichtknoten.com\/webblog\/wp-content\/uploads\/2015\/11\/L1009356-1024x684.jpg 1024w, http:\/\/www.lichtknoten.com\/webblog\/wp-content\/uploads\/2015\/11\/L1009356-624x417.jpg 624w\" sizes=\"auto, (max-width: 2500px) 100vw, 2500px\" \/><\/a><p id=\"caption-attachment-2591\" class=\"wp-caption-text\">B\u00e4ume die in den Himmel wachsen. Fotografiert mit Leica Super-Elmar 21 mm @ f\/8.0 mm.<\/p><\/div>\n<div id=\"attachment_2592\" style=\"width: 2510px\" class=\"wp-caption aligncenter\"><a href=\"http:\/\/www.lichtknoten.com\/webblog\/?attachment_id=2592\" rel=\"attachment wp-att-2592\"><img loading=\"lazy\" decoding=\"async\" aria-describedby=\"caption-attachment-2592\" class=\"wp-image-2592 size-full\" src=\"http:\/\/www.lichtknoten.com\/webblog\/wp-content\/uploads\/2015\/11\/L1009362.jpg\" alt=\"L1009362\" width=\"2500\" height=\"1670\" srcset=\"http:\/\/www.lichtknoten.com\/webblog\/wp-content\/uploads\/2015\/11\/L1009362.jpg 2500w, http:\/\/www.lichtknoten.com\/webblog\/wp-content\/uploads\/2015\/11\/L1009362-300x200.jpg 300w, http:\/\/www.lichtknoten.com\/webblog\/wp-content\/uploads\/2015\/11\/L1009362-1024x684.jpg 1024w, http:\/\/www.lichtknoten.com\/webblog\/wp-content\/uploads\/2015\/11\/L1009362-624x417.jpg 624w\" sizes=\"auto, (max-width: 2500px) 100vw, 2500px\" \/><\/a><p id=\"caption-attachment-2592\" class=\"wp-caption-text\">Bunte B\u00e4ume. Fotografiert mit Leica Super-Elmar 21 mm @ f\/5.6 mm.<\/p><\/div>\n<div id=\"attachment_2593\" style=\"width: 2510px\" class=\"wp-caption aligncenter\"><a href=\"http:\/\/www.lichtknoten.com\/webblog\/?attachment_id=2593\" rel=\"attachment wp-att-2593\"><img loading=\"lazy\" decoding=\"async\" aria-describedby=\"caption-attachment-2593\" class=\"wp-image-2593 size-full\" src=\"http:\/\/www.lichtknoten.com\/webblog\/wp-content\/uploads\/2015\/11\/L1009367.jpg\" alt=\"L1009367\" width=\"2500\" height=\"1670\" srcset=\"http:\/\/www.lichtknoten.com\/webblog\/wp-content\/uploads\/2015\/11\/L1009367.jpg 2500w, http:\/\/www.lichtknoten.com\/webblog\/wp-content\/uploads\/2015\/11\/L1009367-300x200.jpg 300w, http:\/\/www.lichtknoten.com\/webblog\/wp-content\/uploads\/2015\/11\/L1009367-1024x684.jpg 1024w, http:\/\/www.lichtknoten.com\/webblog\/wp-content\/uploads\/2015\/11\/L1009367-624x417.jpg 624w\" sizes=\"auto, (max-width: 2500px) 100vw, 2500px\" \/><\/a><p id=\"caption-attachment-2593\" class=\"wp-caption-text\">Fl\u00fcckiger See. Fotografiert mit Leica Super-Elmar 21 mm @ f\/8.0 mm.<\/p><\/div>\n<div id=\"attachment_2594\" style=\"width: 2510px\" class=\"wp-caption aligncenter\"><a href=\"http:\/\/www.lichtknoten.com\/webblog\/?attachment_id=2594\" rel=\"attachment wp-att-2594\"><img loading=\"lazy\" decoding=\"async\" aria-describedby=\"caption-attachment-2594\" class=\"wp-image-2594 size-full\" src=\"http:\/\/www.lichtknoten.com\/webblog\/wp-content\/uploads\/2015\/11\/L1009372.jpg\" alt=\"L1009372\" width=\"2500\" height=\"1670\" srcset=\"http:\/\/www.lichtknoten.com\/webblog\/wp-content\/uploads\/2015\/11\/L1009372.jpg 2500w, http:\/\/www.lichtknoten.com\/webblog\/wp-content\/uploads\/2015\/11\/L1009372-300x200.jpg 300w, http:\/\/www.lichtknoten.com\/webblog\/wp-content\/uploads\/2015\/11\/L1009372-1024x684.jpg 1024w, http:\/\/www.lichtknoten.com\/webblog\/wp-content\/uploads\/2015\/11\/L1009372-624x417.jpg 624w\" sizes=\"auto, (max-width: 2500px) 100vw, 2500px\" \/><\/a><p id=\"caption-attachment-2594\" class=\"wp-caption-text\">Bunte Malerei. Fotografiert mit Leica Super-Elmar 21 mm @ f\/3.4 mm.<\/p><\/div>\n<div id=\"attachment_2595\" style=\"width: 2510px\" class=\"wp-caption aligncenter\"><a href=\"http:\/\/www.lichtknoten.com\/webblog\/?attachment_id=2595\" rel=\"attachment wp-att-2595\"><img loading=\"lazy\" decoding=\"async\" aria-describedby=\"caption-attachment-2595\" class=\"wp-image-2595 size-full\" src=\"http:\/\/www.lichtknoten.com\/webblog\/wp-content\/uploads\/2015\/11\/L1009382.jpg\" alt=\"L1009382\" width=\"2500\" height=\"1670\" srcset=\"http:\/\/www.lichtknoten.com\/webblog\/wp-content\/uploads\/2015\/11\/L1009382.jpg 2500w, http:\/\/www.lichtknoten.com\/webblog\/wp-content\/uploads\/2015\/11\/L1009382-300x200.jpg 300w, http:\/\/www.lichtknoten.com\/webblog\/wp-content\/uploads\/2015\/11\/L1009382-1024x684.jpg 1024w, http:\/\/www.lichtknoten.com\/webblog\/wp-content\/uploads\/2015\/11\/L1009382-624x417.jpg 624w\" sizes=\"auto, (max-width: 2500px) 100vw, 2500px\" \/><\/a><p id=\"caption-attachment-2595\" class=\"wp-caption-text\">Herbstende I. Fotografiert mit Leica Super-Elmar 21 mm @ f\/3.4 mm.<\/p><\/div>\n<div id=\"attachment_2596\" style=\"width: 2510px\" class=\"wp-caption aligncenter\"><a href=\"http:\/\/www.lichtknoten.com\/webblog\/?attachment_id=2596\" rel=\"attachment wp-att-2596\"><img loading=\"lazy\" decoding=\"async\" aria-describedby=\"caption-attachment-2596\" class=\"wp-image-2596 size-full\" src=\"http:\/\/www.lichtknoten.com\/webblog\/wp-content\/uploads\/2015\/11\/L1009384.jpg\" alt=\"L1009384\" width=\"2500\" height=\"1669\" srcset=\"http:\/\/www.lichtknoten.com\/webblog\/wp-content\/uploads\/2015\/11\/L1009384.jpg 2500w, http:\/\/www.lichtknoten.com\/webblog\/wp-content\/uploads\/2015\/11\/L1009384-300x200.jpg 300w, http:\/\/www.lichtknoten.com\/webblog\/wp-content\/uploads\/2015\/11\/L1009384-1024x684.jpg 1024w, http:\/\/www.lichtknoten.com\/webblog\/wp-content\/uploads\/2015\/11\/L1009384-624x417.jpg 624w\" sizes=\"auto, (max-width: 2500px) 100vw, 2500px\" \/><\/a><p id=\"caption-attachment-2596\" class=\"wp-caption-text\">Herbstende II. Fotografiert mit Leica Super-Elmar 21 mm @ f\/3.4 mm.<\/p><\/div>\n<p>Alle Bilder wurden mit dem Leica Super-Elmar 21 mm fotografiert und sind unbeschnitten. Der Prozess des Fotografieren mit Weitwinkel ist mit einer Leica M nat\u00fcrlich etwas anders und erscheint im ersten m\u00fchsam oder umst\u00e4ndlich: Fokussieren durch den Messsucher, Ausschnitt durch den Aufstecksucher w\u00e4hlen. Wenn man aber ein wenig \u00fcbt, l\u00e4uft alles wie geschmiert und schnell.<\/p>\n<p>Parallel zu den &#8222;Herbstbildern&#8220; habe ich auch ein wenig Architektur fotografiert &#8211; Bilder die ich noch erg\u00e4nzen und erweitern muss, in den n\u00e4chsten Wochen aber sicher zeigen werde. Projekt R2O1B ist also noch nicht beendet!<\/p>\n<p>Alex<\/p>\n","protected":false},"excerpt":{"rendered":"<p>Manchmal braucht man einfach einen Tritt in den Hintern! Mein 21 mm wird ja nur sehr selten verwendet, was weniger an der Brennweite liegt, sondern viel mehr an der Liebe zu meinen zwei anderen Brennweiten: 35 und 50 mm. Und so wurde ich erst durch Rob animiert, doch endlich auch mal das 21er &#8222;ran zu [&hellip;]<\/p>\n","protected":false},"author":1,"featured_media":0,"comment_status":"open","ping_status":"open","sticky":false,"template":"","format":"standard","meta":{"_jetpack_memberships_contains_paid_content":false,"footnotes":"","jetpack_publicize_message":"","jetpack_publicize_feature_enabled":true,"jetpack_social_post_already_shared":false,"jetpack_social_options":{"image_generator_settings":{"template":"highway","default_image_id":0,"font":"","enabled":false},"version":2}},"categories":[33,61],"tags":[156,70,155,128],"class_list":["post-2588","post","type-post","status-publish","format-standard","hentry","category-leica","category-leica-m-typ-240","tag-21-mm","tag-herbst","tag-herbstfarben","tag-super-elmar-21-3-4-asph"],"jetpack_publicize_connections":[],"jetpack_featured_media_url":"","jetpack_sharing_enabled":true,"_links":{"self":[{"href":"http:\/\/www.lichtknoten.com\/webblog\/index.php?rest_route=\/wp\/v2\/posts\/2588","targetHints":{"allow":["GET"]}}],"collection":[{"href":"http:\/\/www.lichtknoten.com\/webblog\/index.php?rest_route=\/wp\/v2\/posts"}],"about":[{"href":"http:\/\/www.lichtknoten.com\/webblog\/index.php?rest_route=\/wp\/v2\/types\/post"}],"author":[{"embeddable":true,"href":"http:\/\/www.lichtknoten.com\/webblog\/index.php?rest_route=\/wp\/v2\/users\/1"}],"replies":[{"embeddable":true,"href":"http:\/\/www.lichtknoten.com\/webblog\/index.php?rest_route=%2Fwp%2Fv2%2Fcomments&post=2588"}],"version-history":[{"count":5,"href":"http:\/\/www.lichtknoten.com\/webblog\/index.php?rest_route=\/wp\/v2\/posts\/2588\/revisions"}],"predecessor-version":[{"id":2600,"href":"http:\/\/www.lichtknoten.com\/webblog\/index.php?rest_route=\/wp\/v2\/posts\/2588\/revisions\/2600"}],"wp:attachment":[{"href":"http:\/\/www.lichtknoten.com\/webblog\/index.php?rest_route=%2Fwp%2Fv2%2Fmedia&parent=2588"}],"wp:term":[{"taxonomy":"category","embeddable":true,"href":"http:\/\/www.lichtknoten.com\/webblog\/index.php?rest_route=%2Fwp%2Fv2%2Fcategories&post=2588"},{"taxonomy":"post_tag","embeddable":true,"href":"http:\/\/www.lichtknoten.com\/webblog\/index.php?rest_route=%2Fwp%2Fv2%2Ftags&post=2588"}],"curies":[{"name":"wp","href":"https:\/\/api.w.org\/{rel}","templated":true}]}}