{"id":2578,"date":"2015-10-24T16:59:38","date_gmt":"2015-10-24T14:59:38","guid":{"rendered":"http:\/\/www.lichtknoten.com\/webblog\/?p=2578"},"modified":"2015-10-24T20:00:32","modified_gmt":"2015-10-24T18:00:32","slug":"stadtrundgang-teil-3-farbe","status":"publish","type":"post","link":"http:\/\/www.lichtknoten.com\/webblog\/?p=2578","title":{"rendered":"Stadtrundgang (Teil 3 \u2013 Farbe)"},"content":{"rendered":"<p>Nachdem in den letzten Wochen schon Teil 1 und Teil 2 meiner Stadtrundg\u00e4nge ver\u00f6ffentlicht wurden, hier nun also Teil 3. Ob es der letzte dieser Serie ist, kann ich nicht sagen &#8211; h\u00e4ngt von Wetter, Zeit, &#8230; ab.<\/p>\n<p>Ich denke, diese Bilder fallen eindeutig in die Kategorie &#8222;herbstlich&#8220; &#8211; daher auch die Entscheidung f\u00fcr eine Farbausarbeitung. Das Wetter (19\u00b0C am 24.10.2015) zieht die Menschen raus. Jeder will die letzten warmen Sonnenstunden genie\u00dfen.<\/p>\n<div id=\"attachment_2579\" style=\"width: 1510px\" class=\"wp-caption aligncenter\"><a href=\"http:\/\/www.lichtknoten.com\/webblog\/?attachment_id=2579\" rel=\"attachment wp-att-2579\"><img loading=\"lazy\" decoding=\"async\" aria-describedby=\"caption-attachment-2579\" class=\"wp-image-2579 size-full\" src=\"http:\/\/www.lichtknoten.com\/webblog\/wp-content\/uploads\/2015\/10\/L1006918.jpg\" alt=\"L1006918\" width=\"1500\" height=\"1002\" srcset=\"http:\/\/www.lichtknoten.com\/webblog\/wp-content\/uploads\/2015\/10\/L1006918.jpg 1500w, http:\/\/www.lichtknoten.com\/webblog\/wp-content\/uploads\/2015\/10\/L1006918-300x200.jpg 300w, http:\/\/www.lichtknoten.com\/webblog\/wp-content\/uploads\/2015\/10\/L1006918-1024x684.jpg 1024w, http:\/\/www.lichtknoten.com\/webblog\/wp-content\/uploads\/2015\/10\/L1006918-624x417.jpg 624w\" sizes=\"auto, (max-width: 1500px) 100vw, 1500px\" \/><\/a><p id=\"caption-attachment-2579\" class=\"wp-caption-text\">Typische Sitzposition auf der blauen Br\u00fccke. Fotografiert mit Leica M und Summilux-M 50 mm @ f\/2.4.<\/p><\/div>\n<div id=\"attachment_2580\" style=\"width: 1510px\" class=\"wp-caption aligncenter\"><a href=\"http:\/\/www.lichtknoten.com\/webblog\/?attachment_id=2580\" rel=\"attachment wp-att-2580\"><img loading=\"lazy\" decoding=\"async\" aria-describedby=\"caption-attachment-2580\" class=\"wp-image-2580 size-full\" src=\"http:\/\/www.lichtknoten.com\/webblog\/wp-content\/uploads\/2015\/10\/L1009160.jpg\" alt=\"L1009160\" width=\"1500\" height=\"1002\" srcset=\"http:\/\/www.lichtknoten.com\/webblog\/wp-content\/uploads\/2015\/10\/L1009160.jpg 1500w, http:\/\/www.lichtknoten.com\/webblog\/wp-content\/uploads\/2015\/10\/L1009160-300x200.jpg 300w, http:\/\/www.lichtknoten.com\/webblog\/wp-content\/uploads\/2015\/10\/L1009160-1024x684.jpg 1024w, http:\/\/www.lichtknoten.com\/webblog\/wp-content\/uploads\/2015\/10\/L1009160-624x417.jpg 624w\" sizes=\"auto, (max-width: 1500px) 100vw, 1500px\" \/><\/a><p id=\"caption-attachment-2580\" class=\"wp-caption-text\">Ebenbild. Fotografiert mit Leica M und Summilux-M 50 mm @ f\/2.0.<\/p><\/div>\n<div id=\"attachment_2581\" style=\"width: 1510px\" class=\"wp-caption aligncenter\"><a href=\"http:\/\/www.lichtknoten.com\/webblog\/?attachment_id=2581\" rel=\"attachment wp-att-2581\"><img loading=\"lazy\" decoding=\"async\" aria-describedby=\"caption-attachment-2581\" class=\"wp-image-2581 size-full\" src=\"http:\/\/www.lichtknoten.com\/webblog\/wp-content\/uploads\/2015\/10\/L1009223.jpg\" alt=\"L1009223\" width=\"1500\" height=\"1002\" srcset=\"http:\/\/www.lichtknoten.com\/webblog\/wp-content\/uploads\/2015\/10\/L1009223.jpg 1500w, http:\/\/www.lichtknoten.com\/webblog\/wp-content\/uploads\/2015\/10\/L1009223-300x200.jpg 300w, http:\/\/www.lichtknoten.com\/webblog\/wp-content\/uploads\/2015\/10\/L1009223-1024x684.jpg 1024w, http:\/\/www.lichtknoten.com\/webblog\/wp-content\/uploads\/2015\/10\/L1009223-624x417.jpg 624w\" sizes=\"auto, (max-width: 1500px) 100vw, 1500px\" \/><\/a><p id=\"caption-attachment-2581\" class=\"wp-caption-text\">Was ist wohl hinter dieser Mauer. Fotografiert mit Leica M und Summilux-M 50 mm @ f\/2.0.<\/p><\/div>\n<div id=\"attachment_2582\" style=\"width: 1510px\" class=\"wp-caption aligncenter\"><a href=\"http:\/\/www.lichtknoten.com\/webblog\/?attachment_id=2582\" rel=\"attachment wp-att-2582\"><img loading=\"lazy\" decoding=\"async\" aria-describedby=\"caption-attachment-2582\" class=\"wp-image-2582 size-full\" src=\"http:\/\/www.lichtknoten.com\/webblog\/wp-content\/uploads\/2015\/10\/L1009238.jpg\" alt=\"L1009238\" width=\"1500\" height=\"1002\" srcset=\"http:\/\/www.lichtknoten.com\/webblog\/wp-content\/uploads\/2015\/10\/L1009238.jpg 1500w, http:\/\/www.lichtknoten.com\/webblog\/wp-content\/uploads\/2015\/10\/L1009238-300x200.jpg 300w, http:\/\/www.lichtknoten.com\/webblog\/wp-content\/uploads\/2015\/10\/L1009238-1024x684.jpg 1024w, http:\/\/www.lichtknoten.com\/webblog\/wp-content\/uploads\/2015\/10\/L1009238-624x417.jpg 624w\" sizes=\"auto, (max-width: 1500px) 100vw, 1500px\" \/><\/a><p id=\"caption-attachment-2582\" class=\"wp-caption-text\">Bunter Zaun. Fotografiert mit Leica M und Summilux-M 50 mm @ f\/4.0.<\/p><\/div>\n<div id=\"attachment_2583\" style=\"width: 1510px\" class=\"wp-caption aligncenter\"><a href=\"http:\/\/www.lichtknoten.com\/webblog\/?attachment_id=2583\" rel=\"attachment wp-att-2583\"><img loading=\"lazy\" decoding=\"async\" aria-describedby=\"caption-attachment-2583\" class=\"wp-image-2583 size-full\" src=\"http:\/\/www.lichtknoten.com\/webblog\/wp-content\/uploads\/2015\/10\/L1009254.jpg\" alt=\"L1009254\" width=\"1500\" height=\"1002\" srcset=\"http:\/\/www.lichtknoten.com\/webblog\/wp-content\/uploads\/2015\/10\/L1009254.jpg 1500w, http:\/\/www.lichtknoten.com\/webblog\/wp-content\/uploads\/2015\/10\/L1009254-300x200.jpg 300w, http:\/\/www.lichtknoten.com\/webblog\/wp-content\/uploads\/2015\/10\/L1009254-1024x684.jpg 1024w, http:\/\/www.lichtknoten.com\/webblog\/wp-content\/uploads\/2015\/10\/L1009254-624x417.jpg 624w\" sizes=\"auto, (max-width: 1500px) 100vw, 1500px\" \/><\/a><p id=\"caption-attachment-2583\" class=\"wp-caption-text\">Herbstlich. Fotografiert mit Leica M und Summilux-M 50 mm @ f\/2.4.<\/p><\/div>\n<div id=\"attachment_2584\" style=\"width: 1510px\" class=\"wp-caption aligncenter\"><a href=\"http:\/\/www.lichtknoten.com\/webblog\/?attachment_id=2584\" rel=\"attachment wp-att-2584\"><img loading=\"lazy\" decoding=\"async\" aria-describedby=\"caption-attachment-2584\" class=\"wp-image-2584 size-full\" src=\"http:\/\/www.lichtknoten.com\/webblog\/wp-content\/uploads\/2015\/10\/L1009318.jpg\" alt=\"L1009318\" width=\"1500\" height=\"1002\" srcset=\"http:\/\/www.lichtknoten.com\/webblog\/wp-content\/uploads\/2015\/10\/L1009318.jpg 1500w, http:\/\/www.lichtknoten.com\/webblog\/wp-content\/uploads\/2015\/10\/L1009318-300x200.jpg 300w, http:\/\/www.lichtknoten.com\/webblog\/wp-content\/uploads\/2015\/10\/L1009318-1024x684.jpg 1024w, http:\/\/www.lichtknoten.com\/webblog\/wp-content\/uploads\/2015\/10\/L1009318-624x417.jpg 624w\" sizes=\"auto, (max-width: 1500px) 100vw, 1500px\" \/><\/a><p id=\"caption-attachment-2584\" class=\"wp-caption-text\">Unglaubliche Herbstfarben. Fotografiert mit Leica M und Summilux-M 50 mm @ f\/5.6.<\/p><\/div>\n<p>Hoffen wir mal auf weitere warme Stunden und Tage und auf ausreichend Zeit zum fotografieren!<\/p>\n<p>Alex<\/p>\n","protected":false},"excerpt":{"rendered":"<p>Nachdem in den letzten Wochen schon Teil 1 und Teil 2 meiner Stadtrundg\u00e4nge ver\u00f6ffentlicht wurden, hier nun also Teil 3. Ob es der letzte dieser Serie ist, kann ich nicht sagen &#8211; h\u00e4ngt von Wetter, Zeit, &#8230; ab. Ich denke, diese Bilder fallen eindeutig in die Kategorie &#8222;herbstlich&#8220; &#8211; daher auch die Entscheidung f\u00fcr eine [&hellip;]<\/p>\n","protected":false},"author":1,"featured_media":0,"comment_status":"open","ping_status":"open","sticky":false,"template":"","format":"standard","meta":{"_jetpack_memberships_contains_paid_content":false,"footnotes":"","jetpack_publicize_message":"","jetpack_publicize_feature_enabled":true,"jetpack_social_post_already_shared":false,"jetpack_social_options":{"image_generator_settings":{"template":"highway","default_image_id":0,"font":"","enabled":false},"version":2}},"categories":[36,33,61],"tags":[70,155,95,152],"class_list":["post-2578","post","type-post","status-publish","format-standard","hentry","category-freiburg","category-leica","category-leica-m-typ-240","tag-herbst","tag-herbstfarben","tag-leica-m","tag-leica-m-typ-240"],"jetpack_publicize_connections":[],"jetpack_featured_media_url":"","jetpack_sharing_enabled":true,"_links":{"self":[{"href":"http:\/\/www.lichtknoten.com\/webblog\/index.php?rest_route=\/wp\/v2\/posts\/2578","targetHints":{"allow":["GET"]}}],"collection":[{"href":"http:\/\/www.lichtknoten.com\/webblog\/index.php?rest_route=\/wp\/v2\/posts"}],"about":[{"href":"http:\/\/www.lichtknoten.com\/webblog\/index.php?rest_route=\/wp\/v2\/types\/post"}],"author":[{"embeddable":true,"href":"http:\/\/www.lichtknoten.com\/webblog\/index.php?rest_route=\/wp\/v2\/users\/1"}],"replies":[{"embeddable":true,"href":"http:\/\/www.lichtknoten.com\/webblog\/index.php?rest_route=%2Fwp%2Fv2%2Fcomments&post=2578"}],"version-history":[{"count":2,"href":"http:\/\/www.lichtknoten.com\/webblog\/index.php?rest_route=\/wp\/v2\/posts\/2578\/revisions"}],"predecessor-version":[{"id":2586,"href":"http:\/\/www.lichtknoten.com\/webblog\/index.php?rest_route=\/wp\/v2\/posts\/2578\/revisions\/2586"}],"wp:attachment":[{"href":"http:\/\/www.lichtknoten.com\/webblog\/index.php?rest_route=%2Fwp%2Fv2%2Fmedia&parent=2578"}],"wp:term":[{"taxonomy":"category","embeddable":true,"href":"http:\/\/www.lichtknoten.com\/webblog\/index.php?rest_route=%2Fwp%2Fv2%2Fcategories&post=2578"},{"taxonomy":"post_tag","embeddable":true,"href":"http:\/\/www.lichtknoten.com\/webblog\/index.php?rest_route=%2Fwp%2Fv2%2Ftags&post=2578"}],"curies":[{"name":"wp","href":"https:\/\/api.w.org\/{rel}","templated":true}]}}