{"id":2217,"date":"2015-03-07T10:00:00","date_gmt":"2015-03-07T09:00:00","guid":{"rendered":"http:\/\/www.lichtknoten.com\/webblog\/?p=2217"},"modified":"2015-03-01T11:37:55","modified_gmt":"2015-03-01T10:37:55","slug":"schwach-geworden-zuwachs-fuer-die-m","status":"publish","type":"post","link":"http:\/\/www.lichtknoten.com\/webblog\/?p=2217","title":{"rendered":"Schwach geworden &#8211; Zuwachs f\u00fcr die M!"},"content":{"rendered":"<p>Und da schreibe ich vor einigen Wochen noch davon, dass ich meinen Objektivpark 2015 nicht \u00e4ndern werde. Alles sollte so bleiben wie es war! Und dann kam dieses Hammerangebot von <a href=\"http:\/\/www.meister-camera.com\/hamburg\/\" target=\"_blank\">Leica Meister Camera in Hamburg<\/a>. Soll man trotzdem ein Jahr warten und dann deutlich mehr zahlen, f\u00fcr ein Objektiv, das fr\u00fcher oder sp\u00e4ter mit Sicherheit erworben werden soll? Ich nahm Kontakt mit dem Meister auf, beriet mich mit ihm und erbat mir einige Tage Bedenkzeit. Ich hatte noch nie ein gebrauchtes Objektiv gekauft &#8211; sollte ich es wagen? Dann aber sollte es doch passieren &#8211; ich sagte zu! Erwarb eines der eindrucksvollsten Objektive im Bereich von 21 mm, das <a href=\"http:\/\/de.leica-camera.com\/Fotografie\/Leica-M\/M-Objektive\/Super-Elmar-M-1-3,4-21-mm-ASPH\" target=\"_blank\">Super-Elmar-M 1:3.4 \/ 21 mm<\/a>. Das Objektiv wurde schnell geliefert und wie vom Meister versprochen, wies es weder Gebrauchsspuren noch Kratzer auf &#8211; sah alles wie neu aus. So etwas kann man wohl als Schn\u00e4ppchen bezeichnen!<\/p>\n<p>21 mm bedeuten f\u00fcr das Kleinbild einen horizontalen Bildwinkel von 80 Grad. Umgesetzt wurde das Objektiv mit Hilfe von 8 Linsenelementen, davon 2 asph\u00e4rische Fl\u00e4chen. Bei einer L\u00e4nge von 43 mm, bringt das gute St\u00fcck 280 Gramm auf die Wage. Von vielen wird dieses Objektiv als das weltbeste 21er bezeichnet &#8211; was zwar beeindruckt, aber auch wieder egal ist! Jetzt muss erst mal Freundschaft geschlossen werden und wir m\u00fcssen uns kennen lernen. Die Leica M ist mit ihrem Messsucher nur bis zu einer Brennweite von 35 mm ausgelegt; 21 mm bedeuten nun, dass ein externer Sucher oder der Live View verwendet werden musste. Ich entschied mich f\u00fcr einen externen Spiegelsucher (der mit einer eigenen Aufbewahrungstasche in Leder ausgeliefert wird!).<\/p>\n<p>In meiner Canon-Zeit hatte ich das 17-40er \u00f6fter vor meine Kamera geschnallt &#8211; es geh\u00f6rt eindeutig zu meinen Lieblingsobjektiven. Und nicht selten wurden davon die 17 mm verwendet. So rechnete ich also damit, dass mich 21 mm nicht sonderlich beeindrucken und mir das Arbeiten gewohnt von der Hand ging. Hatte ich schon vergessen, was 21 mm bedeuteten? 80 Grad \u00d6ffnungswinkel bringen einfach verdammt viel der Umgebung auf den Chip. Und so muss ich zugeben, dass ich bei den ersten Fotos nicht schlecht staunte und mir wurde schnell bewusst, dass ich das Arbeiten mit einem Weitwinkel schier verlernt hatte.<\/p>\n<p>Anbei ein paar Bilder vom\u00a0 Objektiv an der Kamera inkl. des aufgesteckten Spiegelsucher.<\/p>\n<div id=\"attachment_2223\" style=\"width: 1210px\" class=\"wp-caption aligncenter\"><a href=\"http:\/\/www.lichtknoten.com\/webblog\/?attachment_id=2223\" rel=\"attachment wp-att-2223\"><img loading=\"lazy\" decoding=\"async\" aria-describedby=\"caption-attachment-2223\" class=\"size-full wp-image-2223\" src=\"http:\/\/www.lichtknoten.com\/webblog\/wp-content\/uploads\/2015\/03\/IMG_20150301_111354.jpg\" alt=\"Leica M mit Super-Elmar-M 1:3.4\/21mm.\" width=\"1200\" height=\"900\" srcset=\"http:\/\/www.lichtknoten.com\/webblog\/wp-content\/uploads\/2015\/03\/IMG_20150301_111354.jpg 1200w, http:\/\/www.lichtknoten.com\/webblog\/wp-content\/uploads\/2015\/03\/IMG_20150301_111354-300x225.jpg 300w, http:\/\/www.lichtknoten.com\/webblog\/wp-content\/uploads\/2015\/03\/IMG_20150301_111354-1024x768.jpg 1024w, http:\/\/www.lichtknoten.com\/webblog\/wp-content\/uploads\/2015\/03\/IMG_20150301_111354-624x468.jpg 624w\" sizes=\"auto, (max-width: 1200px) 100vw, 1200px\" \/><\/a><p id=\"caption-attachment-2223\" class=\"wp-caption-text\">Leica M mit Super-Elmar-M 1:3.4\/21mm.<\/p><\/div>\n<div id=\"attachment_2225\" style=\"width: 1210px\" class=\"wp-caption aligncenter\"><a href=\"http:\/\/www.lichtknoten.com\/webblog\/?attachment_id=2225\" rel=\"attachment wp-att-2225\"><img loading=\"lazy\" decoding=\"async\" aria-describedby=\"caption-attachment-2225\" class=\"wp-image-2225 size-full\" src=\"http:\/\/www.lichtknoten.com\/webblog\/wp-content\/uploads\/2015\/03\/IMG_20150301_111842.jpg\" alt=\"Leica M mit Super-Elmar-M 1:3.4\/21mm und Spiegelsucher.\" width=\"1200\" height=\"900\" srcset=\"http:\/\/www.lichtknoten.com\/webblog\/wp-content\/uploads\/2015\/03\/IMG_20150301_111842.jpg 1200w, http:\/\/www.lichtknoten.com\/webblog\/wp-content\/uploads\/2015\/03\/IMG_20150301_111842-300x225.jpg 300w, http:\/\/www.lichtknoten.com\/webblog\/wp-content\/uploads\/2015\/03\/IMG_20150301_111842-1024x768.jpg 1024w, http:\/\/www.lichtknoten.com\/webblog\/wp-content\/uploads\/2015\/03\/IMG_20150301_111842-624x468.jpg 624w\" sizes=\"auto, (max-width: 1200px) 100vw, 1200px\" \/><\/a><p id=\"caption-attachment-2225\" class=\"wp-caption-text\">Leica M mit Super-Elmar-M 1:3.4\/21mm und Spiegelsucher.<\/p><\/div>\n<div id=\"attachment_2224\" style=\"width: 1210px\" class=\"wp-caption aligncenter\"><a href=\"http:\/\/www.lichtknoten.com\/webblog\/?attachment_id=2224\" rel=\"attachment wp-att-2224\"><img loading=\"lazy\" decoding=\"async\" aria-describedby=\"caption-attachment-2224\" class=\"size-full wp-image-2224\" src=\"http:\/\/www.lichtknoten.com\/webblog\/wp-content\/uploads\/2015\/03\/IMG_20150301_111730.jpg\" alt=\"Spiegelsucher mit eigener Lederaufbewahrungstasche.\" width=\"1200\" height=\"900\" srcset=\"http:\/\/www.lichtknoten.com\/webblog\/wp-content\/uploads\/2015\/03\/IMG_20150301_111730.jpg 1200w, http:\/\/www.lichtknoten.com\/webblog\/wp-content\/uploads\/2015\/03\/IMG_20150301_111730-300x225.jpg 300w, http:\/\/www.lichtknoten.com\/webblog\/wp-content\/uploads\/2015\/03\/IMG_20150301_111730-1024x768.jpg 1024w, http:\/\/www.lichtknoten.com\/webblog\/wp-content\/uploads\/2015\/03\/IMG_20150301_111730-624x468.jpg 624w\" sizes=\"auto, (max-width: 1200px) 100vw, 1200px\" \/><\/a><p id=\"caption-attachment-2224\" class=\"wp-caption-text\">Spiegelsucher mit eigener Lederaufbewahrungstasche.<\/p><\/div>\n<p>Noch kann ich wenig sagen \u00fcber das neue Mitglied in der M-Familie. Einige wenige Runde haben ich bereits mit dem Objektiv durch Freiburg gedreht, versucht es zu verstehen und habe versucht die Grenzen auszuloten. Und ein erstes Bild kann ich euch auch bereits zeigen.<\/p>\n<div id=\"attachment_2222\" style=\"width: 1210px\" class=\"wp-caption aligncenter\"><a href=\"http:\/\/www.lichtknoten.com\/webblog\/?attachment_id=2222\" rel=\"attachment wp-att-2222\"><img loading=\"lazy\" decoding=\"async\" aria-describedby=\"caption-attachment-2222\" class=\"size-full wp-image-2222\" src=\"http:\/\/www.lichtknoten.com\/webblog\/wp-content\/uploads\/2015\/03\/L1006479.jpg\" alt=\"Hochhaus in Freiburg. Fotografiert mit der Leica M und Super-Elmar-M 21 mm @ 5.0.\" width=\"1200\" height=\"801\" srcset=\"http:\/\/www.lichtknoten.com\/webblog\/wp-content\/uploads\/2015\/03\/L1006479.jpg 1200w, http:\/\/www.lichtknoten.com\/webblog\/wp-content\/uploads\/2015\/03\/L1006479-300x200.jpg 300w, http:\/\/www.lichtknoten.com\/webblog\/wp-content\/uploads\/2015\/03\/L1006479-1024x684.jpg 1024w, http:\/\/www.lichtknoten.com\/webblog\/wp-content\/uploads\/2015\/03\/L1006479-624x417.jpg 624w\" sizes=\"auto, (max-width: 1200px) 100vw, 1200px\" \/><\/a><p id=\"caption-attachment-2222\" class=\"wp-caption-text\">Hochhaus in Freiburg. Fotografiert mit der Leica M und Super-Elmar-M 21 mm @ 5.0.<\/p><\/div>\n<p>Mehr Erfahrung, mehr Bericht und mehr Bilder gibt es dann in den n\u00e4chsten Wochen &#8211; Mitte M\u00e4rz steht ein mehrt\u00e4giger Ausflug an den Bodensee an. Ein erster ernstzunehmender Test f\u00fcr das 21er.<\/p>\n<p>LiK<\/p>\n","protected":false},"excerpt":{"rendered":"<p>Und da schreibe ich vor einigen Wochen noch davon, dass ich meinen Objektivpark 2015 nicht \u00e4ndern werde. Alles sollte so bleiben wie es war! Und dann kam dieses Hammerangebot von Leica Meister Camera in Hamburg. Soll man trotzdem ein Jahr warten und dann deutlich mehr zahlen, f\u00fcr ein Objektiv, das fr\u00fcher oder sp\u00e4ter mit Sicherheit [&hellip;]<\/p>\n","protected":false},"author":1,"featured_media":0,"comment_status":"open","ping_status":"open","sticky":false,"template":"","format":"standard","meta":{"_jetpack_memberships_contains_paid_content":false,"footnotes":"","jetpack_publicize_message":"","jetpack_publicize_feature_enabled":true,"jetpack_social_post_already_shared":false,"jetpack_social_options":{"image_generator_settings":{"template":"highway","default_image_id":0,"font":"","enabled":false},"version":2}},"categories":[33,61,3],"tags":[95,152,128],"class_list":["post-2217","post","type-post","status-publish","format-standard","hentry","category-leica","category-leica-m-typ-240","category-technisches","tag-leica-m","tag-leica-m-typ-240","tag-super-elmar-21-3-4-asph"],"jetpack_publicize_connections":[],"jetpack_featured_media_url":"","jetpack_sharing_enabled":true,"_links":{"self":[{"href":"http:\/\/www.lichtknoten.com\/webblog\/index.php?rest_route=\/wp\/v2\/posts\/2217","targetHints":{"allow":["GET"]}}],"collection":[{"href":"http:\/\/www.lichtknoten.com\/webblog\/index.php?rest_route=\/wp\/v2\/posts"}],"about":[{"href":"http:\/\/www.lichtknoten.com\/webblog\/index.php?rest_route=\/wp\/v2\/types\/post"}],"author":[{"embeddable":true,"href":"http:\/\/www.lichtknoten.com\/webblog\/index.php?rest_route=\/wp\/v2\/users\/1"}],"replies":[{"embeddable":true,"href":"http:\/\/www.lichtknoten.com\/webblog\/index.php?rest_route=%2Fwp%2Fv2%2Fcomments&post=2217"}],"version-history":[{"count":6,"href":"http:\/\/www.lichtknoten.com\/webblog\/index.php?rest_route=\/wp\/v2\/posts\/2217\/revisions"}],"predecessor-version":[{"id":2228,"href":"http:\/\/www.lichtknoten.com\/webblog\/index.php?rest_route=\/wp\/v2\/posts\/2217\/revisions\/2228"}],"wp:attachment":[{"href":"http:\/\/www.lichtknoten.com\/webblog\/index.php?rest_route=%2Fwp%2Fv2%2Fmedia&parent=2217"}],"wp:term":[{"taxonomy":"category","embeddable":true,"href":"http:\/\/www.lichtknoten.com\/webblog\/index.php?rest_route=%2Fwp%2Fv2%2Fcategories&post=2217"},{"taxonomy":"post_tag","embeddable":true,"href":"http:\/\/www.lichtknoten.com\/webblog\/index.php?rest_route=%2Fwp%2Fv2%2Ftags&post=2217"}],"curies":[{"name":"wp","href":"https:\/\/api.w.org\/{rel}","templated":true}]}}