{"id":1850,"date":"2014-05-29T16:47:54","date_gmt":"2014-05-29T14:47:54","guid":{"rendered":"http:\/\/www.lichtknoten.com\/webblog\/?p=1850"},"modified":"2014-05-29T16:47:54","modified_gmt":"2014-05-29T14:47:54","slug":"seerose","status":"publish","type":"post","link":"http:\/\/www.lichtknoten.com\/webblog\/?p=1850","title":{"rendered":"Seerose&#8230;"},"content":{"rendered":"<p>Bei einem kleinen Ausflug in den Botanischen Garten von Freiburg habe ich mich heute den B\u00e4umen und Blumen gewidmet. Noch liegen einige Bilder auf der Festplatte und wollen ausgew\u00e4hlt und bearbeitet werden. Sofort ins Auge gestochen ist mir das Foto dieser sch\u00f6nen Seerose &#8211; Fotografiert mit dem Summilux 50 mm.<\/p>\n<div id=\"attachment_1851\" style=\"width: 1010px\" class=\"wp-caption aligncenter\"><a href=\"http:\/\/www.lichtknoten.com\/webblog\/?attachment_id=1851\" rel=\"attachment wp-att-1851\"><img loading=\"lazy\" decoding=\"async\" aria-describedby=\"caption-attachment-1851\" class=\"size-full wp-image-1851\" src=\"http:\/\/www.lichtknoten.com\/webblog\/wp-content\/uploads\/2014\/05\/L1002689.jpg\" alt=\"Seerose im Botanischen Garten von Freiburg: Summilux 50 mm @ f\/4.0\" width=\"1000\" height=\"668\" srcset=\"http:\/\/www.lichtknoten.com\/webblog\/wp-content\/uploads\/2014\/05\/L1002689.jpg 1000w, http:\/\/www.lichtknoten.com\/webblog\/wp-content\/uploads\/2014\/05\/L1002689-300x200.jpg 300w, http:\/\/www.lichtknoten.com\/webblog\/wp-content\/uploads\/2014\/05\/L1002689-624x416.jpg 624w\" sizes=\"auto, (max-width: 1000px) 100vw, 1000px\" \/><\/a><p id=\"caption-attachment-1851\" class=\"wp-caption-text\">Seerose im Botanischen Garten von Freiburg: Summilux 50 mm @ f\/4.0<\/p><\/div>\n<p>LiK<\/p>\n","protected":false},"excerpt":{"rendered":"<p>Bei einem kleinen Ausflug in den Botanischen Garten von Freiburg habe ich mich heute den B\u00e4umen und Blumen gewidmet. Noch liegen einige Bilder auf der Festplatte und wollen ausgew\u00e4hlt und bearbeitet werden. Sofort ins Auge gestochen ist mir das Foto dieser sch\u00f6nen Seerose &#8211; Fotografiert mit dem Summilux 50 mm. LiK<\/p>\n","protected":false},"author":1,"featured_media":0,"comment_status":"open","ping_status":"open","sticky":false,"template":"","format":"standard","meta":{"_jetpack_memberships_contains_paid_content":false,"footnotes":"","jetpack_publicize_message":"","jetpack_publicize_feature_enabled":true,"jetpack_social_post_already_shared":false,"jetpack_social_options":{"image_generator_settings":{"template":"highway","default_image_id":0,"font":"","enabled":false},"version":2}},"categories":[33,61],"tags":[92],"class_list":["post-1850","post","type-post","status-publish","format-standard","hentry","category-leica","category-leica-m-typ-240","tag-seerose"],"jetpack_publicize_connections":[],"jetpack_featured_media_url":"","jetpack_sharing_enabled":true,"_links":{"self":[{"href":"http:\/\/www.lichtknoten.com\/webblog\/index.php?rest_route=\/wp\/v2\/posts\/1850","targetHints":{"allow":["GET"]}}],"collection":[{"href":"http:\/\/www.lichtknoten.com\/webblog\/index.php?rest_route=\/wp\/v2\/posts"}],"about":[{"href":"http:\/\/www.lichtknoten.com\/webblog\/index.php?rest_route=\/wp\/v2\/types\/post"}],"author":[{"embeddable":true,"href":"http:\/\/www.lichtknoten.com\/webblog\/index.php?rest_route=\/wp\/v2\/users\/1"}],"replies":[{"embeddable":true,"href":"http:\/\/www.lichtknoten.com\/webblog\/index.php?rest_route=%2Fwp%2Fv2%2Fcomments&post=1850"}],"version-history":[{"count":1,"href":"http:\/\/www.lichtknoten.com\/webblog\/index.php?rest_route=\/wp\/v2\/posts\/1850\/revisions"}],"predecessor-version":[{"id":1852,"href":"http:\/\/www.lichtknoten.com\/webblog\/index.php?rest_route=\/wp\/v2\/posts\/1850\/revisions\/1852"}],"wp:attachment":[{"href":"http:\/\/www.lichtknoten.com\/webblog\/index.php?rest_route=%2Fwp%2Fv2%2Fmedia&parent=1850"}],"wp:term":[{"taxonomy":"category","embeddable":true,"href":"http:\/\/www.lichtknoten.com\/webblog\/index.php?rest_route=%2Fwp%2Fv2%2Fcategories&post=1850"},{"taxonomy":"post_tag","embeddable":true,"href":"http:\/\/www.lichtknoten.com\/webblog\/index.php?rest_route=%2Fwp%2Fv2%2Ftags&post=1850"}],"curies":[{"name":"wp","href":"https:\/\/api.w.org\/{rel}","templated":true}]}}