{"id":1637,"date":"2013-12-07T17:30:38","date_gmt":"2013-12-07T16:30:38","guid":{"rendered":"http:\/\/www.lichtknoten.com\/webblog\/?p=1637"},"modified":"2013-12-07T18:19:10","modified_gmt":"2013-12-07T17:19:10","slug":"kontrastprogramm-wald","status":"publish","type":"post","link":"http:\/\/www.lichtknoten.com\/webblog\/?p=1637","title":{"rendered":"Kontrastprogramm &#8211; Wald!"},"content":{"rendered":"<p>In der hektischen Vorweihnachtszeit muss man die Innenstadt von Freiburg meiden. Zu viele Menschen auf zu wenig Platz &#8211; dazwischen die &#8222;Einkaufsw\u00fctigen&#8220;. Zum Gl\u00fcck gibt es am Stadtrand von Freiburg genug Platz, um sich auch mal zur\u00fcckzuziehen. Heute also mit der M und dem 50er Summilux unterwegs &#8211; das Objektiv das immer mehr zu meinem absoluten Lieblingsteil wird. Und nachdem der Herbst irgendwie kein Ende zu finden scheint, gibt es noch einmal Buntes zu bewundern.<\/p>\n<p><a href=\"http:\/\/www.lichtknoten.com\/webblog\/?attachment_id=1638\" rel=\"attachment wp-att-1638\"><img loading=\"lazy\" decoding=\"async\" class=\"aligncenter size-full wp-image-1638\" alt=\"L1001011\" src=\"http:\/\/www.lichtknoten.com\/webblog\/wp-content\/uploads\/2013\/12\/L1001011.jpg\" width=\"1000\" height=\"668\" srcset=\"http:\/\/www.lichtknoten.com\/webblog\/wp-content\/uploads\/2013\/12\/L1001011.jpg 1000w, http:\/\/www.lichtknoten.com\/webblog\/wp-content\/uploads\/2013\/12\/L1001011-300x200.jpg 300w, http:\/\/www.lichtknoten.com\/webblog\/wp-content\/uploads\/2013\/12\/L1001011-624x416.jpg 624w\" sizes=\"auto, (max-width: 1000px) 100vw, 1000px\" \/><\/a>Fotografiert mit Blende 1.4 bei 1\/90 Sekunde und ISO 200 &#8211; in Darktable leicht bearbeitet. Besonders der Beschnitt fiel extrem aus &#8211; aus den 6.000 x 4.000 Pixel w\u00e4hlte ich einen Bereich von 2.000 x 1.500 Pixel &#8211; f\u00fcr den Blog skalierte ich dann nochmals runter. Beeindruckend f\u00fcr mich, welche unglaubliche Sch\u00e4rfe das Objekt trotz eines solchen extremen Beschnitt aufweist. Das Bokeh leidet leicht darunter (wird etwas unruhiger), was bei diesem Bild aber nicht wirklich st\u00f6rt.<\/p>\n<p>LiK<\/p>\n","protected":false},"excerpt":{"rendered":"<p>In der hektischen Vorweihnachtszeit muss man die Innenstadt von Freiburg meiden. Zu viele Menschen auf zu wenig Platz &#8211; dazwischen die &#8222;Einkaufsw\u00fctigen&#8220;. Zum Gl\u00fcck gibt es am Stadtrand von Freiburg genug Platz, um sich auch mal zur\u00fcckzuziehen. Heute also mit der M und dem 50er Summilux unterwegs &#8211; das Objektiv das immer mehr zu meinem [&hellip;]<\/p>\n","protected":false},"author":1,"featured_media":0,"comment_status":"open","ping_status":"open","sticky":false,"template":"","format":"standard","meta":{"_jetpack_memberships_contains_paid_content":false,"footnotes":"","jetpack_publicize_message":"","jetpack_publicize_feature_enabled":true,"jetpack_social_post_already_shared":false,"jetpack_social_options":{"image_generator_settings":{"template":"highway","default_image_id":0,"font":"","enabled":false},"version":2}},"categories":[61,5],"tags":[151,70],"class_list":["post-1637","post","type-post","status-publish","format-standard","hentry","category-leica-m-typ-240","category-shooting","tag-freiburg","tag-herbst"],"jetpack_publicize_connections":[],"jetpack_featured_media_url":"","jetpack_sharing_enabled":true,"_links":{"self":[{"href":"http:\/\/www.lichtknoten.com\/webblog\/index.php?rest_route=\/wp\/v2\/posts\/1637","targetHints":{"allow":["GET"]}}],"collection":[{"href":"http:\/\/www.lichtknoten.com\/webblog\/index.php?rest_route=\/wp\/v2\/posts"}],"about":[{"href":"http:\/\/www.lichtknoten.com\/webblog\/index.php?rest_route=\/wp\/v2\/types\/post"}],"author":[{"embeddable":true,"href":"http:\/\/www.lichtknoten.com\/webblog\/index.php?rest_route=\/wp\/v2\/users\/1"}],"replies":[{"embeddable":true,"href":"http:\/\/www.lichtknoten.com\/webblog\/index.php?rest_route=%2Fwp%2Fv2%2Fcomments&post=1637"}],"version-history":[{"count":3,"href":"http:\/\/www.lichtknoten.com\/webblog\/index.php?rest_route=\/wp\/v2\/posts\/1637\/revisions"}],"predecessor-version":[{"id":1641,"href":"http:\/\/www.lichtknoten.com\/webblog\/index.php?rest_route=\/wp\/v2\/posts\/1637\/revisions\/1641"}],"wp:attachment":[{"href":"http:\/\/www.lichtknoten.com\/webblog\/index.php?rest_route=%2Fwp%2Fv2%2Fmedia&parent=1637"}],"wp:term":[{"taxonomy":"category","embeddable":true,"href":"http:\/\/www.lichtknoten.com\/webblog\/index.php?rest_route=%2Fwp%2Fv2%2Fcategories&post=1637"},{"taxonomy":"post_tag","embeddable":true,"href":"http:\/\/www.lichtknoten.com\/webblog\/index.php?rest_route=%2Fwp%2Fv2%2Ftags&post=1637"}],"curies":[{"name":"wp","href":"https:\/\/api.w.org\/{rel}","templated":true}]}}