{"id":1139,"date":"2012-02-02T20:49:19","date_gmt":"2012-02-02T19:49:19","guid":{"rendered":"http:\/\/www.lichtknoten.com\/webblog\/?p=1139"},"modified":"2012-02-02T20:49:19","modified_gmt":"2012-02-02T19:49:19","slug":"gelb","status":"publish","type":"post","link":"http:\/\/www.lichtknoten.com\/webblog\/?p=1139","title":{"rendered":"Gelb!"},"content":{"rendered":"<p>Die flei\u00dfigen Leser dieses Blog werden es mitbekommen haben, dass ich vor wenigen Wochen von Bibble Pro auf After Shot Pro (ASP) umgestiegen bin, was vor allem dadurch motiviert war, dass Bibble Pro von Corel aufgekauft wurde und das Produkt direkt in ASP \u00fcberf\u00fchrt wurde. Um mit dem neuen Tool ein wenig zu experimentieren zog ich also die Bilder aus Kuba aus der Schublade und bearbeitete einige neu auf. Im Vordergrund stand dabei die Bilder so zu bearbeiten wie ich Kuba in Erinnerung habe, n\u00e4mlich GELB! Lacht mich jetzt aus, aber Kuba ist f\u00fcr mich immer in einen gelben Farbton geh\u00fcllt. Alte Bilder zu bearbeiten wird \u00fcberhaupt zu meinem neuen Hobby&#8230;irgendwie faszinierend, wie &#8222;anders&#8220; man teilweise seinen fr\u00fcheren Aufnahmen findet.<\/p>\n<p>Genie\u00dft mit mir das Gelb Kubas!<\/p>\n<p>LiK<\/p>\n<p><a href=\"http:\/\/www.lichtknoten.com\/webblog\/wp-content\/uploads\/2012\/02\/img_5435.jpg\"><img loading=\"lazy\" decoding=\"async\" class=\"aligncenter size-full wp-image-1140\" title=\"img_5435\" src=\"http:\/\/www.lichtknoten.com\/webblog\/wp-content\/uploads\/2012\/02\/img_5435.jpg\" alt=\"\" width=\"900\" height=\"600\" srcset=\"http:\/\/www.lichtknoten.com\/webblog\/wp-content\/uploads\/2012\/02\/img_5435.jpg 900w, http:\/\/www.lichtknoten.com\/webblog\/wp-content\/uploads\/2012\/02\/img_5435-300x200.jpg 300w\" sizes=\"auto, (max-width: 900px) 100vw, 900px\" \/><\/a><a href=\"http:\/\/www.lichtknoten.com\/webblog\/wp-content\/uploads\/2012\/02\/img_5588.jpg\"><img loading=\"lazy\" decoding=\"async\" class=\"aligncenter size-full wp-image-1141\" title=\"img_5588\" src=\"http:\/\/www.lichtknoten.com\/webblog\/wp-content\/uploads\/2012\/02\/img_5588.jpg\" alt=\"\" width=\"900\" height=\"600\" srcset=\"http:\/\/www.lichtknoten.com\/webblog\/wp-content\/uploads\/2012\/02\/img_5588.jpg 900w, http:\/\/www.lichtknoten.com\/webblog\/wp-content\/uploads\/2012\/02\/img_5588-300x200.jpg 300w\" sizes=\"auto, (max-width: 900px) 100vw, 900px\" \/><\/a><a href=\"http:\/\/www.lichtknoten.com\/webblog\/wp-content\/uploads\/2012\/02\/img_67361.jpg\"><img loading=\"lazy\" decoding=\"async\" class=\"aligncenter size-full wp-image-1143\" title=\"img_6736\" src=\"http:\/\/www.lichtknoten.com\/webblog\/wp-content\/uploads\/2012\/02\/img_67361.jpg\" alt=\"\" width=\"900\" height=\"600\" srcset=\"http:\/\/www.lichtknoten.com\/webblog\/wp-content\/uploads\/2012\/02\/img_67361.jpg 900w, http:\/\/www.lichtknoten.com\/webblog\/wp-content\/uploads\/2012\/02\/img_67361-300x200.jpg 300w\" sizes=\"auto, (max-width: 900px) 100vw, 900px\" \/><\/a><\/p>\n","protected":false},"excerpt":{"rendered":"<p>Die flei\u00dfigen Leser dieses Blog werden es mitbekommen haben, dass ich vor wenigen Wochen von Bibble Pro auf After Shot Pro (ASP) umgestiegen bin, was vor allem dadurch motiviert war, dass Bibble Pro von Corel aufgekauft wurde und das Produkt direkt in ASP \u00fcberf\u00fchrt wurde. Um mit dem neuen Tool ein wenig zu experimentieren zog [&hellip;]<\/p>\n","protected":false},"author":1,"featured_media":0,"comment_status":"open","ping_status":"open","sticky":false,"template":"","format":"standard","meta":{"footnotes":""},"categories":[15,3],"tags":[32,31],"class_list":["post-1139","post","type-post","status-publish","format-standard","hentry","category-reisefotografie","category-technisches","tag-after-shot-pro","tag-kuba"],"_links":{"self":[{"href":"http:\/\/www.lichtknoten.com\/webblog\/index.php?rest_route=\/wp\/v2\/posts\/1139","targetHints":{"allow":["GET"]}}],"collection":[{"href":"http:\/\/www.lichtknoten.com\/webblog\/index.php?rest_route=\/wp\/v2\/posts"}],"about":[{"href":"http:\/\/www.lichtknoten.com\/webblog\/index.php?rest_route=\/wp\/v2\/types\/post"}],"author":[{"embeddable":true,"href":"http:\/\/www.lichtknoten.com\/webblog\/index.php?rest_route=\/wp\/v2\/users\/1"}],"replies":[{"embeddable":true,"href":"http:\/\/www.lichtknoten.com\/webblog\/index.php?rest_route=%2Fwp%2Fv2%2Fcomments&post=1139"}],"version-history":[{"count":1,"href":"http:\/\/www.lichtknoten.com\/webblog\/index.php?rest_route=\/wp\/v2\/posts\/1139\/revisions"}],"predecessor-version":[{"id":1144,"href":"http:\/\/www.lichtknoten.com\/webblog\/index.php?rest_route=\/wp\/v2\/posts\/1139\/revisions\/1144"}],"wp:attachment":[{"href":"http:\/\/www.lichtknoten.com\/webblog\/index.php?rest_route=%2Fwp%2Fv2%2Fmedia&parent=1139"}],"wp:term":[{"taxonomy":"category","embeddable":true,"href":"http:\/\/www.lichtknoten.com\/webblog\/index.php?rest_route=%2Fwp%2Fv2%2Fcategories&post=1139"},{"taxonomy":"post_tag","embeddable":true,"href":"http:\/\/www.lichtknoten.com\/webblog\/index.php?rest_route=%2Fwp%2Fv2%2Ftags&post=1139"}],"curies":[{"name":"wp","href":"https:\/\/api.w.org\/{rel}","templated":true}]}}